{"headers": {"id": "ID", "ano": "Ano", "numero": "N\u00famero", "tipo__sigla": "Tipo de Mat\u00e9ria Legislativa/Sigla", "tipo__descricao": "Tipo de Mat\u00e9ria Legislativa/Descri\u00e7\u00e3o", "autoria": "Autorias", "texto_original": "Texto Original", "ementa": "Ementa"}, "results": [{"id": "693", "ano": "2021", "numero": "1", "tipo__sigla": "EME", "tipo__descricao": "Emenda", "autoria": "CJR - Comiss\u00e3o de Justi\u00e7a e Reda\u00e7\u00e3o", "texto_original": "http://sapl.capanema.pr.leg.br/media/sapl/public/materialegislativa/2021/693/emenda_01.pdf", "ementa": "Emenda n\u00ba 01/2021, Ementa Supressiva n\u00ba 01/2021 ao Projeto de Lei Complementar n\u00ba 02/2021-Poder Executivo."}, {"id": "809", "ano": "2021", "numero": "2", "tipo__sigla": "EME", "tipo__descricao": "Emenda", "autoria": "Brizolinha, Delmar Balzan, Edson Wilmsen", "texto_original": "http://sapl.capanema.pr.leg.br/media/sapl/public/materialegislativa/2021/809/emenda_2.pdf", "ementa": "Emenda n\u00ba 02/2021, Modificativa n\u00ba 01/2021 referente ao Projeto de Lei Ordin\u00e1ria  n\u00ba 41/2021-Poder Executivo. \"Institui o programa municipal de incentivo ao esporte\"."}, {"id": "810", "ano": "2021", "numero": "3", "tipo__sigla": "EME", "tipo__descricao": "Emenda", "autoria": "Delmar Balzan, Brizolinha, Edson Wilmsen", "texto_original": "http://sapl.capanema.pr.leg.br/media/sapl/public/materialegislativa/2021/810/emenda_3.pdf", "ementa": "Emenda n\u00ba 03/2021, Supressiva n\u00ba 02/2021 referente ao Projeto de Lei Ordin\u00e1ria n\u00ba 41/2021-Poder Executivo. \"Institui o programa municipal de incentivo ao esporte"}, {"id": "601", "ano": "2021", "numero": "3", "tipo__sigla": "IND", "tipo__descricao": "Indica\u00e7\u00e3o", "autoria": "Pibe", "texto_original": "http://sapl.capanema.pr.leg.br/media/sapl/public/materialegislativa/2021/601/indicacao_03_de_2021.pdf", "ementa": "Sugere servi\u00e7os de pavimenta\u00e7\u00e3o asf\u00e1ltica em ruas localizadas no Centro e no Bairro S\u00e3o Crist\u00f3v\u00e3o."}, {"id": "602", "ano": "2021", "numero": "4", "tipo__sigla": "IND", "tipo__descricao": "Indica\u00e7\u00e3o", "autoria": "Pibe, Edson Wilmsen", "texto_original": "http://sapl.capanema.pr.leg.br/media/sapl/public/materialegislativa/2021/602/indicacao_no_04_de_2021.pdf", "ementa": "sugere a libera\u00e7\u00e3o e o retorno dos jogos no Gin\u00e1sio de Esportes Municipal."}, {"id": "603", "ano": "2021", "numero": "5", "tipo__sigla": "IND", "tipo__descricao": "Indica\u00e7\u00e3o", "autoria": "Edson Wilmsen", "texto_original": "http://sapl.capanema.pr.leg.br/media/sapl/public/materialegislativa/2021/603/ind_05.pdf", "ementa": "Sugere servi\u00e7os de recapeamento em via p\u00fablica e constru\u00e7\u00e3o de passeio em bem p\u00fablico."}, {"id": "612", "ano": "2021", "numero": "8", "tipo__sigla": "IND", "tipo__descricao": "Indica\u00e7\u00e3o", "autoria": "Olinda Szimanski  Pelegrina", "texto_original": "http://sapl.capanema.pr.leg.br/media/sapl/public/materialegislativa/2021/612/ind_08_de_2021.pdf", "ementa": "Sugere melhorias na Ilumina\u00e7\u00e3o P\u00fablica, como troca de l\u00e2mpadas, em frente a Igreja Evang\u00e9lica Congregacional do Brasil, localizada \u00e0 Avenida Pedro Viriato Parigot de Souza, no Centro da Cidade."}, {"id": "617", "ano": "2021", "numero": "11", "tipo__sigla": "IND", "tipo__descricao": "Indica\u00e7\u00e3o", "autoria": "Pibe", "texto_original": "http://sapl.capanema.pr.leg.br/media/sapl/public/materialegislativa/2021/617/ind_no_11_2021.pdf", "ementa": "Solicita a coloca\u00e7\u00e3o de \"lixeiras\" nos balne\u00e1rios do Munic\u00edpio."}, {"id": "616", "ano": "2021", "numero": "12", "tipo__sigla": "IND", "tipo__descricao": "Indica\u00e7\u00e3o", "autoria": "Olinda Szimanski  Pelegrina", "texto_original": "http://sapl.capanema.pr.leg.br/media/sapl/public/materialegislativa/2021/616/ind_12_de_2021.pdf", "ementa": "Indica melhoria na ilumina\u00e7\u00e3o p\u00fablica das Ruas Par\u00e1 e Tupi, no Bairro S\u00e3o Crist\u00f3v\u00e3o."}, {"id": "621", "ano": "2021", "numero": "15", "tipo__sigla": "IND", "tipo__descricao": "Indica\u00e7\u00e3o", "autoria": "Pibe", "texto_original": "http://sapl.capanema.pr.leg.br/media/sapl/public/materialegislativa/2021/621/ind_15.pdf", "ementa": "Sugere vistoria nos contratos de comodato dos Barrac\u00f5es Industriais cedidos pelo Munic\u00edpio de Capanema \u00e0 empres\u00e1rios locais."}, {"id": "622", "ano": "2021", "numero": "16", "tipo__sigla": "IND", "tipo__descricao": "Indica\u00e7\u00e3o", "autoria": "Brizolinha", "texto_original": "http://sapl.capanema.pr.leg.br/media/sapl/public/materialegislativa/2021/622/ind16_de_2021.pdf", "ementa": "Sugere a retomada das obras de pavimenta\u00e7\u00e3o asf\u00e1ltica na Comunidade de Cristo Rei."}, {"id": "624", "ano": "2021", "numero": "18", "tipo__sigla": "IND", "tipo__descricao": "Indica\u00e7\u00e3o", "autoria": "Pibe", "texto_original": "http://sapl.capanema.pr.leg.br/media/sapl/public/materialegislativa/2021/624/18.pdf", "ementa": "Sugere melhorias na Casa Mortu\u00e1ria."}, {"id": "625", "ano": "2021", "numero": "19", "tipo__sigla": "IND", "tipo__descricao": "Indica\u00e7\u00e3o", "autoria": "Brizolinha", "texto_original": "http://sapl.capanema.pr.leg.br/media/sapl/public/materialegislativa/2021/625/19.pdf", "ementa": "Indica servi\u00e7os de pavimenta\u00e7\u00e3o asf\u00e1ltica e poli\u00e9drica em vias p\u00fablicas localizadas no interior do munic\u00edpio."}, {"id": "631", "ano": "2021", "numero": "20", "tipo__sigla": "IND", "tipo__descricao": "Indica\u00e7\u00e3o", "autoria": "Pibe", "texto_original": "http://sapl.capanema.pr.leg.br/media/sapl/public/materialegislativa/2021/631/indicacao_015_de_021.pdf", "ementa": "Indica aquisi\u00e7\u00e3o de ve\u00edculo para uso do Conselho Tutelar no munic\u00edpio de Capanema."}, {"id": "633", "ano": "2021", "numero": "21", "tipo__sigla": "IND", "tipo__descricao": "Indica\u00e7\u00e3o", "autoria": "Brizolinha", "texto_original": "http://sapl.capanema.pr.leg.br/media/sapl/public/materialegislativa/2021/633/ind_21.pdf", "ementa": "Indica servi\u00e7os de pavimenta\u00e7\u00e3o poli\u00e9drica em vias p\u00fablicas localizadas no interior do Munic\u00edpio."}, {"id": "635", "ano": "2021", "numero": "22", "tipo__sigla": "IND", "tipo__descricao": "Indica\u00e7\u00e3o", "autoria": "Pibe", "texto_original": "http://sapl.capanema.pr.leg.br/media/sapl/public/materialegislativa/2021/635/ind_22.pdf", "ementa": "Indica servi\u00e7os de pavimenta\u00e7\u00e3o asf\u00e1ltica do munic\u00edpio de Capanema at\u00e9 a comunidade de Linha Ga\u00facha"}, {"id": "637", "ano": "2021", "numero": "24", "tipo__sigla": "IND", "tipo__descricao": "Indica\u00e7\u00e3o", "autoria": "Pibe", "texto_original": "http://sapl.capanema.pr.leg.br/media/sapl/public/materialegislativa/2021/637/ind_24.pdf", "ementa": "Indica ao executivo Municipal servi\u00e7os de pavimenta\u00e7\u00e3o poli\u00e9drica na Av. Ubirajara, no Bairro S\u00e3o Jos\u00e9 Oper\u00e1rio."}, {"id": "641", "ano": "2021", "numero": "25", "tipo__sigla": "IND", "tipo__descricao": "Indica\u00e7\u00e3o", "autoria": "Brizolinha", "texto_original": "http://sapl.capanema.pr.leg.br/media/sapl/public/materialegislativa/2021/641/ind_25.pdf", "ementa": "Indica servi\u00e7os de pavimenta\u00e7\u00e3o asf\u00e1ltica em pequeno trecho localizado na comunidade de Cristo Rei."}, {"id": "638", "ano": "2021", "numero": "28", "tipo__sigla": "IND", "tipo__descricao": "Indica\u00e7\u00e3o", "autoria": "Pibe", "texto_original": "http://sapl.capanema.pr.leg.br/media/sapl/public/materialegislativa/2021/638/ind_28.pdf", "ementa": "Sugere amplia\u00e7\u00e3o da ponte do Santo Ant\u00f4nio do Siemens que da acesso \u00e0s Comunidades de Nossa senhora do Carmo e Sanga Alegre."}, {"id": "646", "ano": "2021", "numero": "30", "tipo__sigla": "IND", "tipo__descricao": "Indica\u00e7\u00e3o", "autoria": "Pibe", "texto_original": "http://sapl.capanema.pr.leg.br/media/sapl/public/materialegislativa/2021/646/ind_30.pdf", "ementa": "Solicita instala\u00e7\u00e3o de \"lombadas\" em vias p\u00fablicas."}, {"id": "654", "ano": "2021", "numero": "33", "tipo__sigla": "IND", "tipo__descricao": "Indica\u00e7\u00e3o", "autoria": "Gean Denardin", "texto_original": "http://sapl.capanema.pr.leg.br/media/sapl/public/materialegislativa/2021/654/indic_33.pdf", "ementa": "Solicita a instala\u00e7\u00e3o de \"lombada\" na Rua Alagoas - rota dos caminh\u00f5es."}, {"id": "651", "ano": "2021", "numero": "36", "tipo__sigla": "IND", "tipo__descricao": "Indica\u00e7\u00e3o", "autoria": "Pibe", "texto_original": "http://sapl.capanema.pr.leg.br/media/sapl/public/materialegislativa/2021/651/indic_36.pdf", "ementa": "Indica servi\u00e7os de pavimenta\u00e7\u00e3o poli\u00e9drica na Rua Ol\u00edvio Ernesto Caporal, localizada no Bairro s\u00e3o Crist\u00f3v\u00e3o."}, {"id": "655", "ano": "2021", "numero": "37", "tipo__sigla": "IND", "tipo__descricao": "Indica\u00e7\u00e3o", "autoria": "Serginho", "texto_original": "http://sapl.capanema.pr.leg.br/media/sapl/public/materialegislativa/2021/655/ccf_000470.pdf", "ementa": "Sugere ao Executivo Municipal melhorias no Gin\u00e1sio de Esportes."}, {"id": "664", "ano": "2021", "numero": "46", "tipo__sigla": "IND", "tipo__descricao": "Indica\u00e7\u00e3o", "autoria": "Olinda Szimanski  Pelegrina", "texto_original": "http://sapl.capanema.pr.leg.br/media/sapl/public/materialegislativa/2021/664/ind_46.pdf", "ementa": "Sugere \u00e0 Secretaria Municipal de Sa\u00fade um trabalho de conscientiza\u00e7\u00e3o \u00e0 popula\u00e7\u00e3o pra descarte e devolu\u00e7\u00e3o de rem\u00e9dios em desuso."}, {"id": "668", "ano": "2021", "numero": "47", "tipo__sigla": "IND", "tipo__descricao": "Indica\u00e7\u00e3o", "autoria": "Serginho", "texto_original": "http://sapl.capanema.pr.leg.br/media/sapl/public/materialegislativa/2021/668/ind_47.pdf", "ementa": "Solicita uma efetiva fiscaliza\u00e7\u00e3o aos vendedores ambulantes."}, {"id": "677", "ano": "2021", "numero": "50", "tipo__sigla": "IND", "tipo__descricao": "Indica\u00e7\u00e3o", "autoria": "Pibe, Dirceu Alchieri", "texto_original": "http://sapl.capanema.pr.leg.br/media/sapl/public/materialegislativa/2021/677/ind_50.pdf", "ementa": "Indica estudos que viabilizem a reativa\u00e7\u00e3o do sem\u00e1foro."}, {"id": "683", "ano": "2021", "numero": "52", "tipo__sigla": "IND", "tipo__descricao": "Indica\u00e7\u00e3o", "autoria": "Pibe", "texto_original": "http://sapl.capanema.pr.leg.br/media/sapl/public/materialegislativa/2021/683/ind_52.pdf", "ementa": "Solicita vistoria nos \u00f4nibus que realizam o transporte escolar."}, {"id": "686", "ano": "2021", "numero": "53", "tipo__sigla": "IND", "tipo__descricao": "Indica\u00e7\u00e3o", "autoria": "Edson Wilmsen", "texto_original": "http://sapl.capanema.pr.leg.br/media/sapl/public/materialegislativa/2021/686/ind_53.pdf", "ementa": "Sugere servi\u00e7os de recapeamento asf\u00e1ltico na Rua Martin Nottar."}, {"id": "687", "ano": "2021", "numero": "54", "tipo__sigla": "IND", "tipo__descricao": "Indica\u00e7\u00e3o", "autoria": "Dirceu Alchieri", "texto_original": "http://sapl.capanema.pr.leg.br/media/sapl/public/materialegislativa/2021/687/54.pdf", "ementa": "Indica estudos pelo CMDCA que viabilizem a Regulamenta\u00e7\u00e3o dos hor\u00e1rios de plant\u00e3o e de folgas dos Conselheiros Tutelares do Munic\u00edpio."}, {"id": "690", "ano": "2021", "numero": "55", "tipo__sigla": "IND", "tipo__descricao": "Indica\u00e7\u00e3o", "autoria": "Pibe", "texto_original": "http://sapl.capanema.pr.leg.br/media/sapl/public/materialegislativa/2021/690/ind_55.pdf", "ementa": "Indica revitaliza\u00e7\u00e3o da estrada paralela a BR 163, com in\u00edcio em frente do frigor\u00edfico at\u00e9 a Rua Cariris."}, {"id": "689", "ano": "2021", "numero": "56", "tipo__sigla": "IND", "tipo__descricao": "Indica\u00e7\u00e3o", "autoria": "Olinda Szimanski  Pelegrina", "texto_original": "http://sapl.capanema.pr.leg.br/media/sapl/public/materialegislativa/2021/689/nd_56.pdf", "ementa": "Solicita a revitaliza\u00e7\u00e3o da Pra\u00e7a Central."}, {"id": "692", "ano": "2021", "numero": "57", "tipo__sigla": "IND", "tipo__descricao": "Indica\u00e7\u00e3o", "autoria": "Olinda Szimanski  Pelegrina", "texto_original": "http://sapl.capanema.pr.leg.br/media/sapl/public/materialegislativa/2021/692/ind_57.pdf", "ementa": "Solicita Reestrutura, ades\u00e3o e limpeza do espa\u00e7o da \"Feira da Lua\"."}, {"id": "691", "ano": "2021", "numero": "58", "tipo__sigla": "IND", "tipo__descricao": "Indica\u00e7\u00e3o", "autoria": "Serginho", "texto_original": "http://sapl.capanema.pr.leg.br/media/sapl/public/materialegislativa/2021/691/ind_58.pdf", "ementa": "Indica servi\u00e7os de pavimenta\u00e7\u00e3o poli\u00e9drica atrav\u00e9s de Emenda Parlamentar no valor de R$ 250.000,00, apresentada pelo Deputado federal Zeca Dirceu."}, {"id": "696", "ano": "2021", "numero": "59", "tipo__sigla": "IND", "tipo__descricao": "Indica\u00e7\u00e3o", "autoria": "Olinda Szimanski  Pelegrina", "texto_original": "http://sapl.capanema.pr.leg.br/media/sapl/public/materialegislativa/2021/696/59.pdf", "ementa": "Sugere elabora\u00e7\u00e3o de projetos que viabilizem a instala\u00e7\u00e3o de Academias de Idosos e Playground em Bairros de nossa cidade."}, {"id": "694", "ano": "2021", "numero": "60", "tipo__sigla": "IND", "tipo__descricao": "Indica\u00e7\u00e3o", "autoria": "Pibe", "texto_original": "http://sapl.capanema.pr.leg.br/media/sapl/public/materialegislativa/2021/694/ind_60.pdf", "ementa": "Indica servi\u00e7os e melhorias na mobilidade do tr\u00e2nsito da cidade."}, {"id": "697", "ano": "2021", "numero": "61", "tipo__sigla": "IND", "tipo__descricao": "Indica\u00e7\u00e3o", "autoria": "Delmar Balzan", "texto_original": "http://sapl.capanema.pr.leg.br/media/sapl/public/materialegislativa/2021/697/ind_61_e_anexos.pdf", "ementa": "Indica testagem em massa da popula\u00e7\u00e3o Capanemense para detectar o COVID-19."}, {"id": "698", "ano": "2021", "numero": "62", "tipo__sigla": "IND", "tipo__descricao": "Indica\u00e7\u00e3o", "autoria": "Brizolinha, Delmar Balzan", "texto_original": "http://sapl.capanema.pr.leg.br/media/sapl/public/materialegislativa/2021/698/indicacao.pdf", "ementa": "Solicita recapeamento asf\u00e1ltico em trecho da Avenida Independ\u00eancia."}, {"id": "699", "ano": "2021", "numero": "63", "tipo__sigla": "IND", "tipo__descricao": "Indica\u00e7\u00e3o", "autoria": "Delmar Balzan, Pibe", "texto_original": "http://sapl.capanema.pr.leg.br/media/sapl/public/materialegislativa/2021/699/63.pdf", "ementa": "Indica servi\u00e7os de pavimenta\u00e7\u00e3o asf\u00e1ltica em Ruas do Bairro S\u00e3o Crist\u00f3v\u00e3o."}, {"id": "700", "ano": "2021", "numero": "64", "tipo__sigla": "IND", "tipo__descricao": "Indica\u00e7\u00e3o", "autoria": "Delmar Balzan", "texto_original": "http://sapl.capanema.pr.leg.br/media/sapl/public/materialegislativa/2021/700/64.pdf", "ementa": "Indica a busca de aprova\u00e7\u00e3o pela Cohapar, de conjunto habitacional para Capanema."}, {"id": "703", "ano": "2021", "numero": "65", "tipo__sigla": "IND", "tipo__descricao": "Indica\u00e7\u00e3o", "autoria": "Pibe", "texto_original": "http://sapl.capanema.pr.leg.br/media/sapl/public/materialegislativa/2021/703/ind_65.pdf", "ementa": "Solicita ao Executivo Municipal incentivos, atrav\u00e9s de recursos financeiros, para constru\u00e7\u00e3o de um novo barrac\u00e3o comunit\u00e1rio no Bairro Santo Expedito."}, {"id": "705", "ano": "2021", "numero": "66", "tipo__sigla": "IND", "tipo__descricao": "Indica\u00e7\u00e3o", "autoria": "Serginho", "texto_original": "http://sapl.capanema.pr.leg.br/media/sapl/public/materialegislativa/2021/705/66.pdf", "ementa": "Indica as localidades do interior do Munic\u00edpio para distribui\u00e7\u00e3o, apresentada pelo Deputado Federal Zeca Dirceu - PT, no valor de R$ 257.380,00 (duzentos e cinquenta mil, trezentos e oitenta reais)."}, {"id": "704", "ano": "2021", "numero": "67", "tipo__sigla": "IND", "tipo__descricao": "Indica\u00e7\u00e3o", "autoria": "Dirceu Alchieri", "texto_original": "http://sapl.capanema.pr.leg.br/media/sapl/public/materialegislativa/2021/704/in__67.pdf", "ementa": "Solicita ao Chefe do Poder Executivo Municipal, atrav\u00e9s do setor competente da Municipalidade, a intensifica\u00e7\u00e3o da fiscaliza\u00e7\u00e3o contra polui\u00e7\u00e3o sonora."}, {"id": "706", "ano": "2021", "numero": "68", "tipo__sigla": "IND", "tipo__descricao": "Indica\u00e7\u00e3o", "autoria": "Olinda Szimanski  Pelegrina", "texto_original": "http://sapl.capanema.pr.leg.br/media/sapl/public/materialegislativa/2021/706/68.pdf", "ementa": "Indica servi\u00e7o de pavimenta\u00e7\u00e3o poli\u00e9drica na localidade da Linha Riograndense."}, {"id": "707", "ano": "2021", "numero": "69", "tipo__sigla": "IND", "tipo__descricao": "Indica\u00e7\u00e3o", "autoria": "Delmar Balzan", "texto_original": "http://sapl.capanema.pr.leg.br/media/sapl/public/materialegislativa/2021/707/69.pdf", "ementa": "Solicita a realiza\u00e7\u00e3o de pavimenta\u00e7\u00e3o asf\u00e1ltica em pequeno trecho da Rua Santa Catarina."}, {"id": "710", "ano": "2021", "numero": "70", "tipo__sigla": "IND", "tipo__descricao": "Indica\u00e7\u00e3o", "autoria": "Delmar Balzan", "texto_original": "http://sapl.capanema.pr.leg.br/media/sapl/public/materialegislativa/2021/710/ind_70.pdf", "ementa": "Reivindica pavimenta\u00e7\u00e3o asf\u00e1ltica em trechos da Rua Mato Grosso e Rua Luiz Geraldo Hollen."}, {"id": "711", "ano": "2021", "numero": "71", "tipo__sigla": "IND", "tipo__descricao": "Indica\u00e7\u00e3o", "autoria": "Pibe", "texto_original": "http://sapl.capanema.pr.leg.br/media/sapl/public/materialegislativa/2021/711/indicacao_71.pdf", "ementa": "Indica ao Executivo Municipal melhorias nas placas de sinaliza\u00e7\u00e3o na Av. Brasil."}, {"id": "718", "ano": "2021", "numero": "72", "tipo__sigla": "IND", "tipo__descricao": "Indica\u00e7\u00e3o", "autoria": "Dirceu Alchieri, Cladir Sinesio Klein, Olinda Szimanski  Pelegrina", "texto_original": "http://sapl.capanema.pr.leg.br/media/sapl/public/materialegislativa/2021/718/ind_72.pdf", "ementa": "Indicam ao Chefe do Poder Executivo Municipal a reativa\u00e7\u00e3o da f\u00e1brica de tubos e demais artefatos de cimento necess\u00e1rios para uso da Administra\u00e7\u00e3o P\u00fablica Municipal."}, {"id": "719", "ano": "2021", "numero": "73", "tipo__sigla": "IND", "tipo__descricao": "Indica\u00e7\u00e3o", "autoria": "Gean Denardin, Olinda Szimanski  Pelegrina", "texto_original": "http://sapl.capanema.pr.leg.br/media/sapl/public/materialegislativa/2021/719/ind_73.pdf", "ementa": "Sugere aquisi\u00e7\u00e3o de ambul\u00e2ncia, atrav\u00e9s de Emenda parlamentar apresentada pelo Deputado Ademar Traiano."}, {"id": "716", "ano": "2021", "numero": "74", "tipo__sigla": "IND", "tipo__descricao": "Indica\u00e7\u00e3o", "autoria": "Pibe", "texto_original": "http://sapl.capanema.pr.leg.br/media/sapl/public/materialegislativa/2021/716/indicacao_no_74_de_2021.pdf", "ementa": "Sugere a substitui\u00e7\u00e3o das L\u00e2mpadas tradicionais para de LED, em torno e dentro do Parque de Exposi\u00e7\u00f5es."}, {"id": "720", "ano": "2021", "numero": "75", "tipo__sigla": "IND", "tipo__descricao": "Indica\u00e7\u00e3o", "autoria": "Edson Wilmsen", "texto_original": "http://sapl.capanema.pr.leg.br/media/sapl/public/materialegislativa/2021/720/ind_75.pdf", "ementa": "Indica Denomina\u00e7\u00e3o de \"Santa Cruz\" o Centro Dia do Idoso, ainda sem denomina\u00e7\u00e3o."}, {"id": "721", "ano": "2021", "numero": "76", "tipo__sigla": "IND", "tipo__descricao": "Indica\u00e7\u00e3o", "autoria": "Serginho", "texto_original": "http://sapl.capanema.pr.leg.br/media/sapl/public/materialegislativa/2021/721/ind_76.pdf", "ementa": "Indica melhorias no gin\u00e1sio de esportes da Comunidade de Cristo Rei, atrav\u00e9s de recursos federais intermediados pela Deputada Federal Gleise Hoffmann, no montante de R$250.000,00."}, {"id": "724", "ano": "2021", "numero": "77", "tipo__sigla": "IND", "tipo__descricao": "Indica\u00e7\u00e3o", "autoria": "Olinda Szimanski  Pelegrina", "texto_original": "http://sapl.capanema.pr.leg.br/media/sapl/public/materialegislativa/2021/724/indicacao_77.pdf", "ementa": "Indica contrata\u00e7\u00e3o de um m\u00e9dico Geriatra e um professor de Educa\u00e7\u00e3o F\u00edsica, especialmente para atendimentos a pessoa idosa."}, {"id": "726", "ano": "2021", "numero": "78", "tipo__sigla": "IND", "tipo__descricao": "Indica\u00e7\u00e3o", "autoria": "Serginho", "texto_original": "http://sapl.capanema.pr.leg.br/media/sapl/public/materialegislativa/2021/726/indicacao_no_78_de_2021.pdf", "ementa": "Indica servi\u00e7os de pavimenta\u00e7\u00e3o poli\u00e9drica na Linha S\u00e3o Sebasti\u00e3o, atrav\u00e9s de recursos advindos do Deputado Federal Zeca Dirceu - PT, no valor de R$ 250.000,00."}, {"id": "729", "ano": "2021", "numero": "79", "tipo__sigla": "IND", "tipo__descricao": "Indica\u00e7\u00e3o", "autoria": "Delmar Balzan", "texto_original": "http://sapl.capanema.pr.leg.br/media/sapl/public/materialegislativa/2021/729/79.pdf", "ementa": "Indica cobran\u00e7a da constru\u00e7\u00e3o e manuten\u00e7\u00e3o dos passeios em frente aos im\u00f3veis."}, {"id": "730", "ano": "2021", "numero": "80", "tipo__sigla": "IND", "tipo__descricao": "Indica\u00e7\u00e3o", "autoria": "Pibe, Brizolinha, Cladir Sinesio Klein, Delmar Balzan, Dirceu Alchieri, Edson Wilmsen, Gean Denardin, Olinda Szimanski  Pelegrina, Serginho", "texto_original": "http://sapl.capanema.pr.leg.br/media/sapl/public/materialegislativa/2021/730/80.pdf", "ementa": "Solicitam cria\u00e7\u00e3o de Zoneamento Espec\u00edfico ou Expans\u00e3o do Per\u00edmetro Urbano no Plano Diretor, para as \u00e1reas banhadas pelo Alagado da UHE Baixo Igua\u00e7u."}, {"id": "736", "ano": "2021", "numero": "81", "tipo__sigla": "IND", "tipo__descricao": "Indica\u00e7\u00e3o", "autoria": "Cladir Sinesio Klein, Dirceu Alchieri", "texto_original": "http://sapl.capanema.pr.leg.br/media/sapl/public/materialegislativa/2021/736/ind_81_de_2021.pdf", "ementa": "Indicam aquisi\u00e7\u00e3o de equipamentos, atrav\u00e9s de Emendas Parlamentares apresentadas pelos Deputados que nos representam junto as esferas Federal e Paranaense."}, {"id": "732", "ano": "2021", "numero": "82", "tipo__sigla": "IND", "tipo__descricao": "Indica\u00e7\u00e3o", "autoria": "Dirceu Alchieri", "texto_original": "http://sapl.capanema.pr.leg.br/media/sapl/public/materialegislativa/2021/732/indicacao.pdf", "ementa": "Indica ao Executivo Municipal a terceiriza\u00e7\u00e3o de pequenos servi\u00e7os gratuitos a popula\u00e7\u00e3o."}, {"id": "733", "ano": "2021", "numero": "83", "tipo__sigla": "IND", "tipo__descricao": "Indica\u00e7\u00e3o", "autoria": "Serginho, Delmar Balzan", "texto_original": "http://sapl.capanema.pr.leg.br/media/sapl/public/materialegislativa/2021/733/ind_83.pdf", "ementa": "Solicita a revitaliza\u00e7\u00e3o do cemit\u00e9rio Municipal"}, {"id": "734", "ano": "2021", "numero": "84", "tipo__sigla": "IND", "tipo__descricao": "Indica\u00e7\u00e3o", "autoria": "Serginho", "texto_original": "http://sapl.capanema.pr.leg.br/media/sapl/public/materialegislativa/2021/734/ind_84.pdf", "ementa": "Solicita ao Executivo Municipal aquisi\u00e7\u00e3o de equipamentos atrav\u00e9s de Emendas Parlamentares apresentadas pelos Deputados que nos representam junto a Assembleia Legislativa do Paran\u00e1."}, {"id": "735", "ano": "2021", "numero": "85", "tipo__sigla": "IND", "tipo__descricao": "Indica\u00e7\u00e3o", "autoria": "Pibe", "texto_original": "http://sapl.capanema.pr.leg.br/media/sapl/public/materialegislativa/2021/735/ind_85.pdf", "ementa": "Indica melhorias na sinaliza\u00e7\u00e3o da rua Tamoios, esquina com a Antonio Nieheus."}, {"id": "739", "ano": "2021", "numero": "86", "tipo__sigla": "IND", "tipo__descricao": "Indica\u00e7\u00e3o", "autoria": "Olinda Szimanski  Pelegrina", "texto_original": "http://sapl.capanema.pr.leg.br/media/sapl/public/materialegislativa/2021/739/ind_86.pdf", "ementa": "Solicita reformas no \"bueiro\" da Comunidade de Engenheiro Pinto."}, {"id": "740", "ano": "2021", "numero": "87", "tipo__sigla": "IND", "tipo__descricao": "Indica\u00e7\u00e3o", "autoria": "Delmar Balzan", "texto_original": "http://sapl.capanema.pr.leg.br/media/sapl/public/materialegislativa/2021/740/ind_87.pdf", "ementa": "Indica pagamento de adicional noturno aos agentes da defesa civil que trabalham no Corpo de Bombeiros e que se estenda tamb\u00e9m aos demais funcion\u00e1rios que trabalham no per\u00edodo noturno."}, {"id": "741", "ano": "2021", "numero": "88", "tipo__sigla": "IND", "tipo__descricao": "Indica\u00e7\u00e3o", "autoria": "Gean Denardin", "texto_original": "http://sapl.capanema.pr.leg.br/media/sapl/public/materialegislativa/2021/741/in_88.pdf", "ementa": "Sugere aquisi\u00e7\u00e3o de beb\u00ea conforto para uso da Secretaria Municipal de sa\u00fade e Secretaria da Fam\u00edlia e desenvolvimento Social."}, {"id": "743", "ano": "2021", "numero": "89", "tipo__sigla": "IND", "tipo__descricao": "Indica\u00e7\u00e3o", "autoria": "Dirceu Alchieri", "texto_original": "http://sapl.capanema.pr.leg.br/media/sapl/public/materialegislativa/2021/743/ind_89.pdf", "ementa": "Indica aumento no repasse do aux\u00edlio transporte aos acad\u00eamicos."}, {"id": "744", "ano": "2021", "numero": "90", "tipo__sigla": "IND", "tipo__descricao": "Indica\u00e7\u00e3o", "autoria": "Edson Wilmsen", "texto_original": "http://sapl.capanema.pr.leg.br/media/sapl/public/materialegislativa/2021/744/ind_90.pdf", "ementa": "Sugere o fechamento definitivo da Rua \"Coberta\"."}, {"id": "745", "ano": "2021", "numero": "91", "tipo__sigla": "IND", "tipo__descricao": "Indica\u00e7\u00e3o", "autoria": "Delmar Balzan", "texto_original": "http://sapl.capanema.pr.leg.br/media/sapl/public/materialegislativa/2021/745/ind_91.pdf", "ementa": "Sugere ao Executivo Municipal a aquisi\u00e7\u00e3o de containers para ser cedido \u00e0s Empresas Locais."}, {"id": "748", "ano": "2021", "numero": "92", "tipo__sigla": "IND", "tipo__descricao": "Indica\u00e7\u00e3o", "autoria": "Delmar Balzan", "texto_original": "http://sapl.capanema.pr.leg.br/media/sapl/public/materialegislativa/2021/748/92.pdf", "ementa": "Sugere a regulariza\u00e7\u00e3o da metragem dos im\u00f3veis localizados na Rua padre Cirilo."}, {"id": "752", "ano": "2021", "numero": "93", "tipo__sigla": "IND", "tipo__descricao": "Indica\u00e7\u00e3o", "autoria": "Delmar Balzan", "texto_original": "http://sapl.capanema.pr.leg.br/media/sapl/public/materialegislativa/2021/752/ind_93.pdf", "ementa": "Sugere a utiliza\u00e7\u00e3o dos recursos financeiros da opera\u00e7\u00e3o de cr\u00e9dito realizada pela Administra\u00e7\u00e3o Municipal"}, {"id": "749", "ano": "2021", "numero": "94", "tipo__sigla": "IND", "tipo__descricao": "Indica\u00e7\u00e3o", "autoria": "Pibe", "texto_original": "http://sapl.capanema.pr.leg.br/media/sapl/public/materialegislativa/2021/749/ind_94.pdf", "ementa": "Sugere a instala\u00e7\u00e3o de um ponto de \u00e1gua, com bebedouro pr\u00f3ximo a Secretaria de Via\u00e7\u00e3o e Obra ( garagem)."}, {"id": "751", "ano": "2021", "numero": "95", "tipo__sigla": "IND", "tipo__descricao": "Indica\u00e7\u00e3o", "autoria": "Gean Denardin", "texto_original": "http://sapl.capanema.pr.leg.br/media/sapl/public/materialegislativa/2021/751/ind_95.pdf", "ementa": "Sugere aquisi\u00e7\u00e3o de equipamento \"rachador de lenha\"."}, {"id": "753", "ano": "2021", "numero": "96", "tipo__sigla": "IND", "tipo__descricao": "Indica\u00e7\u00e3o", "autoria": "Cladir Sinesio Klein", "texto_original": "http://sapl.capanema.pr.leg.br/media/sapl/public/materialegislativa/2021/753/nd_96.pdf", "ementa": "Solicita recupera\u00e7\u00e3o de estradas com pavimenta\u00e7\u00e3o poli\u00e9drica, que ligam 3 importantes comunidades do interior de nosso munic\u00edpio."}, {"id": "757", "ano": "2021", "numero": "97", "tipo__sigla": "IND", "tipo__descricao": "Indica\u00e7\u00e3o", "autoria": "Dirceu Alchieri, Edson Wilmsen, Pibe", "texto_original": "http://sapl.capanema.pr.leg.br/media/sapl/public/materialegislativa/2021/757/ind_97.pdf", "ementa": "Solicitam implanta\u00e7\u00e3o de via de \"m\u00e3o \u00fanica\" na Rua Ot\u00e1vio Francisco de Mattos - Bairro Santa Cruz, em frente ao CMEI \"Pequeno Principe\"."}, {"id": "758", "ano": "2021", "numero": "98", "tipo__sigla": "IND", "tipo__descricao": "Indica\u00e7\u00e3o", "autoria": "Pibe", "texto_original": "http://sapl.capanema.pr.leg.br/media/sapl/public/materialegislativa/2021/758/indicacao_no_98_de_2021.pdf", "ementa": "Solicita alargamento de rua na localidade de Cambui."}, {"id": "759", "ano": "2021", "numero": "99", "tipo__sigla": "IND", "tipo__descricao": "Indica\u00e7\u00e3o", "autoria": "Olinda Szimanski  Pelegrina", "texto_original": "http://sapl.capanema.pr.leg.br/media/sapl/public/materialegislativa/2021/759/ind_99.pdf", "ementa": "Indica uso de recursos financeiros recebidos atrav\u00e9s do Deputado Valdir Rossoni, no valor de R$ 60.000,00 (sessenta mil) para serem aplicados na APAE."}, {"id": "760", "ano": "2021", "numero": "100", "tipo__sigla": "IND", "tipo__descricao": "Indica\u00e7\u00e3o", "autoria": "Pibe", "texto_original": "http://sapl.capanema.pr.leg.br/media/sapl/public/materialegislativa/2021/760/in_100.pdf", "ementa": "Indica servi\u00e7os de pavimenta\u00e7\u00e3o poli\u00e9drica nas ruas localizadas no loteamento \"Magarrancho\", que ainda n\u00e3o possuem essa benfeitoria."}, {"id": "764", "ano": "2021", "numero": "101", "tipo__sigla": "IND", "tipo__descricao": "Indica\u00e7\u00e3o", "autoria": "Delmar Balzan", "texto_original": "http://sapl.capanema.pr.leg.br/media/sapl/public/materialegislativa/2021/764/ind_101.pdf", "ementa": "Sugere servi\u00e7os de recapeamento asf\u00e1lticos em Ruas e avenidas da cidade."}, {"id": "765", "ano": "2021", "numero": "102", "tipo__sigla": "IND", "tipo__descricao": "Indica\u00e7\u00e3o", "autoria": "Pibe", "texto_original": "http://sapl.capanema.pr.leg.br/media/sapl/public/materialegislativa/2021/765/ind_102.pdf", "ementa": "Indica que a Administra\u00e7\u00e3o Municipal providencie abertura do prolongamento da Rua Ubirajaras."}, {"id": "768", "ano": "2021", "numero": "103", "tipo__sigla": "IND", "tipo__descricao": "Indica\u00e7\u00e3o", "autoria": "Dirceu Alchieri", "texto_original": "http://sapl.capanema.pr.leg.br/media/sapl/public/materialegislativa/2021/768/indicaca_103.pdf", "ementa": "Indica revitaliza\u00e7\u00e3o das \u00e1reas nos Bairros de nossa cidade."}, {"id": "769", "ano": "2021", "numero": "104", "tipo__sigla": "IND", "tipo__descricao": "Indica\u00e7\u00e3o", "autoria": "Delmar Balzan", "texto_original": "http://sapl.capanema.pr.leg.br/media/sapl/public/materialegislativa/2021/769/indicacao.pdf", "ementa": "Indica aquisi\u00e7\u00e3o de um Caminh\u00e3o Trucado e tra\u00e7ado com esparramador de esterco l\u00edquido, atrav\u00e9s de recursos do Minist\u00e9rio de Agricultura."}, {"id": "773", "ano": "2021", "numero": "105", "tipo__sigla": "IND", "tipo__descricao": "Indica\u00e7\u00e3o", "autoria": "Delmar Balzan", "texto_original": "http://sapl.capanema.pr.leg.br/media/sapl/public/materialegislativa/2021/773/105.pdf", "ementa": "Indica constru\u00e7\u00e3o de estacionamento na Av. Paran\u00e1, pr\u00f3ximo ao Col\u00e9gio Padre Cirilo."}, {"id": "778", "ano": "2021", "numero": "106", "tipo__sigla": "IND", "tipo__descricao": "Indica\u00e7\u00e3o", "autoria": "Delmar Balzan", "texto_original": "http://sapl.capanema.pr.leg.br/media/sapl/public/materialegislativa/2021/778/ind_106.pdf", "ementa": "Indica a contrata\u00e7\u00e3o, atrav\u00e9s de PSS, fun\u00e7\u00e3o de pedreiro e servente, para atender as necessidades das Secretarias Municipais."}, {"id": "780", "ano": "2021", "numero": "107", "tipo__sigla": "IND", "tipo__descricao": "Indica\u00e7\u00e3o", "autoria": "Gean Denardin", "texto_original": "http://sapl.capanema.pr.leg.br/media/sapl/public/materialegislativa/2021/780/ind_107.pdf", "ementa": "Indica consertos no sistema de abastecimento de \u00e1gua da Comunidade de Santa Clara."}, {"id": "782", "ano": "2021", "numero": "108", "tipo__sigla": "IND", "tipo__descricao": "Indica\u00e7\u00e3o", "autoria": "Delmar Balzan, Edson Wilmsen", "texto_original": "http://sapl.capanema.pr.leg.br/media/sapl/public/materialegislativa/2021/782/ind_108.pdf", "ementa": "Indica instala\u00e7\u00e3o de c\u00e2meras de monitoramento no Centro da cidade e manuten\u00e7\u00e3o das j\u00e1 instaladas em pontos estrat\u00e9gicos."}, {"id": "783", "ano": "2021", "numero": "109", "tipo__sigla": "IND", "tipo__descricao": "Indica\u00e7\u00e3o", "autoria": "Delmar Balzan", "texto_original": "http://sapl.capanema.pr.leg.br/media/sapl/public/materialegislativa/2021/783/ind_109.pdf", "ementa": "Indica a contrata\u00e7\u00e3o, atrav\u00e9s de PSS  na fun\u00e7\u00e3o de eletrecista para suprir as necessidades do Munic\u00edpio."}, {"id": "784", "ano": "2021", "numero": "110", "tipo__sigla": "IND", "tipo__descricao": "Indica\u00e7\u00e3o", "autoria": "Delmar Balzan", "texto_original": "http://sapl.capanema.pr.leg.br/media/sapl/public/materialegislativa/2021/784/ind_110.pdf", "ementa": "Indica participa\u00e7\u00e3o no Chamamento P\u00fablico para adquirir bens para uso exclusivo do Conselho Tutelar, no valor de R$ 250.000,00 (duzentos e cinquenta mil reais)."}, {"id": "786", "ano": "2021", "numero": "111", "tipo__sigla": "IND", "tipo__descricao": "Indica\u00e7\u00e3o", "autoria": "Serginho", "texto_original": "http://sapl.capanema.pr.leg.br/media/sapl/public/materialegislativa/2021/786/ind_111.pdf", "ementa": "Indica instala\u00e7\u00e3o de placas solares no sistema de distribui\u00e7\u00e3o de \u00e1gua da Comunidade de S\u00e3o Luiz, atrav\u00e9s de emendas Parlamentares apresentadas pelos Deputados Zeca Dirceu e Professor Lemos no valor de R$ 150.000,00 (cento e cinquenta mil reais)."}, {"id": "787", "ano": "2021", "numero": "112", "tipo__sigla": "IND", "tipo__descricao": "Indica\u00e7\u00e3o", "autoria": "Dirceu Alchieri", "texto_original": "http://sapl.capanema.pr.leg.br/media/sapl/public/materialegislativa/2021/787/112.pdf", "ementa": "Sugere a realiza\u00e7\u00e3o de servi\u00e7os essenciais como ilumina\u00e7\u00e3o p\u00fablica e limpeza."}, {"id": "788", "ano": "2021", "numero": "113", "tipo__sigla": "IND", "tipo__descricao": "Indica\u00e7\u00e3o", "autoria": "Delmar Balzan", "texto_original": "http://sapl.capanema.pr.leg.br/media/sapl/public/materialegislativa/2021/788/ind_113.pdf", "ementa": "Solicita provid\u00eancias junto a COPEL, acerca das constantes interrup\u00e7\u00f5es de energia el\u00e9trica ocorridas nos \u00faltimos meses no Munic\u00edpio."}, {"id": "789", "ano": "2021", "numero": "114", "tipo__sigla": "IND", "tipo__descricao": "Indica\u00e7\u00e3o", "autoria": "Serginho", "texto_original": "http://sapl.capanema.pr.leg.br/media/sapl/public/materialegislativa/2021/789/ind_114.pdf", "ementa": "Indica a constru\u00e7\u00e3o de cancha sint\u00e9tica, da cancha de bocha na ASSEMUCA."}, {"id": "790", "ano": "2021", "numero": "115", "tipo__sigla": "IND", "tipo__descricao": "Indica\u00e7\u00e3o", "autoria": "Serginho", "texto_original": "http://sapl.capanema.pr.leg.br/media/sapl/public/materialegislativa/2021/790/115.pdf", "ementa": "Sugere instala\u00e7\u00e3o de C\u00e2meras de vigil\u00e2ncia no Bairro S\u00e3o Jos\u00e9 Oper\u00e1rio."}, {"id": "792", "ano": "2021", "numero": "116", "tipo__sigla": "IND", "tipo__descricao": "Indica\u00e7\u00e3o", "autoria": "Pibe", "texto_original": "http://sapl.capanema.pr.leg.br/media/sapl/public/materialegislativa/2021/792/ind_116.pdf", "ementa": "Indica servi\u00e7os de revitaliza\u00e7\u00e3o na Rua Guarani, Bairro S\u00e3o Crist\u00f3v\u00e3o."}, {"id": "793", "ano": "2021", "numero": "117", "tipo__sigla": "IND", "tipo__descricao": "Indica\u00e7\u00e3o", "autoria": "Delmar Balzan", "texto_original": "http://sapl.capanema.pr.leg.br/media/sapl/public/materialegislativa/2021/793/ind_117.pdf", "ementa": "Sugere a contrata\u00e7\u00e3o de \"calceteiros\" (pavimenta\u00e7\u00e3o poli\u00e9drica) atrav\u00e9s de PSS."}, {"id": "794", "ano": "2021", "numero": "118", "tipo__sigla": "IND", "tipo__descricao": "Indica\u00e7\u00e3o", "autoria": "Edson Wilmsen", "texto_original": "http://sapl.capanema.pr.leg.br/media/sapl/public/materialegislativa/2021/794/ind_118.pdf", "ementa": "Sugere execu\u00e7\u00e3o de pavimenta\u00e7\u00e3o com pedras irregulares em estrada rural da Linha Bonita, no morro que antecede a Reciclagem da \"Mari\"."}, {"id": "795", "ano": "2021", "numero": "119", "tipo__sigla": "IND", "tipo__descricao": "Indica\u00e7\u00e3o", "autoria": "Dirceu Alchieri", "texto_original": "http://sapl.capanema.pr.leg.br/media/sapl/public/materialegislativa/2021/795/ind_119.pdf", "ementa": "Sugere que seja viabilizado a realiza\u00e7\u00e3o dos servi\u00e7os de manuten\u00e7\u00e3o no pr\u00e9dio e limpeza no p\u00e1tio da antiga escolinha da Linha Gava."}, {"id": "796", "ano": "2021", "numero": "120", "tipo__sigla": "IND", "tipo__descricao": "Indica\u00e7\u00e3o", "autoria": "Olinda Szimanski  Pelegrina", "texto_original": "http://sapl.capanema.pr.leg.br/media/sapl/public/materialegislativa/2021/796/ind_120.pdf", "ementa": "Criar solu\u00e7\u00f5es para dar seguran\u00e7a ao CMEI Pingo de Gente (Creche das Irm\u00e3s)."}, {"id": "802", "ano": "2021", "numero": "121", "tipo__sigla": "IND", "tipo__descricao": "Indica\u00e7\u00e3o", "autoria": "Dirceu Alchieri, Cladir Sinesio Klein", "texto_original": "http://sapl.capanema.pr.leg.br/media/sapl/public/materialegislativa/2021/802/ind_121.pdf", "ementa": "Indica aquisi\u00e7\u00e3o de implementos agr\u00edcolas e servi\u00e7os de pavimenta\u00e7\u00e3o poli\u00e9drica, atrav\u00e9s de emendas parlamentares apresentadas pelo Deputado Estadual do MDB Nereu Moura, no valor de R$ 300.000,00 (trezentos mil)."}, {"id": "662", "ano": "2021", "numero": "1", "tipo__sigla": "PDL", "tipo__descricao": "Projeto de Decreto Legislativo", "autoria": "CFO - Comiss\u00e3o de Finan\u00e7as e Or\u00e7amento", "texto_original": "http://sapl.capanema.pr.leg.br/media/sapl/public/materialegislativa/2021/662/pdl_01_de_2021.pdf", "ementa": "Disp\u00f5e sobre a Presta\u00e7\u00e3o de Contas do Poder Executivo do Munic\u00edpio de Capanema, relativas ao exerc\u00edcio financeiro de 2016."}, {"id": "671", "ano": "2021", "numero": "2", "tipo__sigla": "PLC", "tipo__descricao": "Projeto de Lei Complementar", "autoria": "Am\u00e9rico Bell\u00e9", "texto_original": "http://sapl.capanema.pr.leg.br/media/sapl/public/materialegislativa/2021/671/projeto_de_lei_complementar_02_de_2021.pdf", "ementa": "Altera a lei Municipal n\u00ba 1.732/2020 e d\u00e1 outras provid\u00eancias."}, {"id": "738", "ano": "2021", "numero": "3", "tipo__sigla": "PLC", "tipo__descricao": "Projeto de Lei Complementar", "autoria": "Am\u00e9rico Bell\u00e9", "texto_original": "http://sapl.capanema.pr.leg.br/media/sapl/public/materialegislativa/2021/738/plc_no_03_de_2021.pdf", "ementa": "Altera a Lei Municipal n\u00ba 877/2001 e d\u00e1 outras provid\u00eancias."}, {"id": "766", "ano": "2021", "numero": "4", "tipo__sigla": "PLC", "tipo__descricao": "Projeto de Lei Complementar", "autoria": "Am\u00e9rico Bell\u00e9", "texto_original": "http://sapl.capanema.pr.leg.br/media/sapl/public/materialegislativa/2021/766/plc_04.pdf", "ementa": "Altera o Anexo II - Mapa  2 - do Zoneamento Urbano da Lei n\u00ba 1.134/2007."}, {"id": "598", "ano": "2021", "numero": "1", "tipo__sigla": "PLO", "tipo__descricao": "Projeto de Lei Ordin\u00e1ria", "autoria": "Am\u00e9rico Bell\u00e9", "texto_original": "http://sapl.capanema.pr.leg.br/media/sapl/public/materialegislativa/2021/598/plo_no_01_de_2021.pdf", "ementa": "Altera a Lei n\u00ba 1.320/2011, que institui o Programa Municipal de Aprendizagem."}, {"id": "627", "ano": "2021", "numero": "5", "tipo__sigla": "PLO", "tipo__descricao": "Projeto de Lei Ordin\u00e1ria", "autoria": "Am\u00e9rico Bell\u00e9", "texto_original": "http://sapl.capanema.pr.leg.br/media/sapl/public/materialegislativa/2021/627/projeto_de_lei_05_de_2021.pdf", "ementa": "Altera a lei 1.734/2020 que autoriza o Poder Executivo Municipal a contratar emergencialmente Agentes de Combate \u00e0s Endemias"}, {"id": "626", "ano": "2021", "numero": "6", "tipo__sigla": "PLO", "tipo__descricao": "Projeto de Lei Ordin\u00e1ria", "autoria": "Am\u00e9rico Bell\u00e9", "texto_original": "http://sapl.capanema.pr.leg.br/media/sapl/public/materialegislativa/2021/626/plo_06.pdf", "ementa": "Disp\u00f5e sobre reestrutura\u00e7\u00e3o do CACS (FUNDEP) - Conselho de Acompanhamento e Controle Social do Fundo de Manuten\u00e7\u00e3o e Desenvolvimento da Educa\u00e7\u00e3o B\u00e1sica e de valoriza\u00e7\u00e3o dos Profissionais da Educa\u00e7\u00e3o - do Munic\u00edpio de Capanema/PR, em conformidade com a regulamenta\u00e7\u00e3o da lei Federal n\u00ba 14.113, de 25 de dezembro de 2020. Revoga a Lei Fundamental 1.122/2007 de 18 de junho de 2007 e d\u00e1 outras provid\u00eancias."}, {"id": "630", "ano": "2021", "numero": "8", "tipo__sigla": "PLO", "tipo__descricao": "Projeto de Lei Ordin\u00e1ria", "autoria": "Am\u00e9rico Bell\u00e9", "texto_original": "http://sapl.capanema.pr.leg.br/media/sapl/public/materialegislativa/2021/630/projeto_08_de_2021.pdf", "ementa": "Institui normas espec\u00edficas de incentivo fiscal de concess\u00e3o de isen\u00e7\u00e3o Imposto de Transmiss\u00e3o de Bens Im\u00f3veis Inter Vivos (ITBI) sob cl\u00e1usula resolutiva, na compra e venda do im\u00f3vel urbano lote 01.02.03.04, Setor S.E., do Munic\u00edpio de Capanema, destinado a sediar a Ind\u00fastria da empresa Betel Eireli e d\u00e1 outras provid\u00eancias."}, {"id": "636", "ano": "2021", "numero": "10", "tipo__sigla": "PLO", "tipo__descricao": "Projeto de Lei Ordin\u00e1ria", "autoria": "Am\u00e9rico Bell\u00e9", "texto_original": "http://sapl.capanema.pr.leg.br/media/sapl/public/materialegislativa/2021/636/plo_no_10_de_2021.pdf", "ementa": "Autoriza o Executivo Municipal a abrir cr\u00e9ditos Adicionais suplementares ao Or\u00e7amento do munic\u00edpio de Capanema, para o Exerc\u00edcio de 2021."}, {"id": "648", "ano": "2021", "numero": "12", "tipo__sigla": "PLO", "tipo__descricao": "Projeto de Lei Ordin\u00e1ria", "autoria": "Am\u00e9rico Bell\u00e9", "texto_original": "http://sapl.capanema.pr.leg.br/media/sapl/public/materialegislativa/2021/648/pol_12_de_2021.pdf", "ementa": "Ratifica a altera\u00e7\u00e3o do Estatuto e do contrato do Cons\u00f3rcio P\u00fablico Intermunicipal para o Desenvolvimento Sustent\u00e1vel da Regi\u00e3o Fronteira Sudoeste do Estado do Paran\u00e1 - CIFRA."}, {"id": "672", "ano": "2021", "numero": "14", "tipo__sigla": "PLO", "tipo__descricao": "Projeto de Lei Ordin\u00e1ria", "autoria": "Am\u00e9rico Bell\u00e9", "texto_original": "http://sapl.capanema.pr.leg.br/media/sapl/public/materialegislativa/2021/672/plo_no_14_de_2021.pdf", "ementa": "Concede recomposi\u00e7\u00e3o das perdas inflacion\u00e1rias nas remunera\u00e7\u00f5es dos Servidores P\u00fablicos Ativos, Inativos, Conselheiros Tutelares e Servidores ocupantes de cargo em comiss\u00e3o do Poder Executivo Municipal."}, {"id": "695", "ano": "2021", "numero": "18", "tipo__sigla": "PLO", "tipo__descricao": "Projeto de Lei Ordin\u00e1ria", "autoria": "Pibe", "texto_original": "http://sapl.capanema.pr.leg.br/media/sapl/public/materialegislativa/2021/695/plo_18.pdf", "ementa": "Revoga a Lei 789/1999, disp\u00f5e sobe a vegeta\u00e7\u00e3o arb\u00f3rea em espa\u00e7os p\u00fablicos e privados do Per\u00edmetro Urbano do Munic\u00edpio e estabelece prazo para elabora\u00e7\u00e3o do Plano e do manual de Arboriza\u00e7\u00e3o Urbana de Capanema."}, {"id": "685", "ano": "2021", "numero": "19", "tipo__sigla": "PLO", "tipo__descricao": "Projeto de Lei Ordin\u00e1ria", "autoria": "Am\u00e9rico Bell\u00e9", "texto_original": "http://sapl.capanema.pr.leg.br/media/sapl/public/materialegislativa/2021/685/plo_no_19.pdf", "ementa": "Autoriza o Poder Executivo, em nome do Munic\u00edpio de Capanema/PR, a adquirir a t\u00edtulo oneroso o im\u00f3vel rural registrado sobre Matr\u00edcula Imobili\u00e1ria n\u00ba 4.083 no servi\u00e7o de Registro de im\u00f3veis da Comarca de Capanema/PR e d\u00e1 outras provid\u00eancias."}, {"id": "712", "ano": "2021", "numero": "20", "tipo__sigla": "PLO", "tipo__descricao": "Projeto de Lei Ordin\u00e1ria", "autoria": "Am\u00e9rico Bell\u00e9", "texto_original": "http://sapl.capanema.pr.leg.br/media/sapl/public/materialegislativa/2021/712/projeto_de_lei_no_20_de_2021_do_poder_executivo.pdf", "ementa": "Altera a Lei n\u00ba 1.608/2017, que disp\u00f5e sobre a contrata\u00e7\u00e3o tempor\u00e1ria de profissionais."}, {"id": "702", "ano": "2021", "numero": "22", "tipo__sigla": "PLO", "tipo__descricao": "Projeto de Lei Ordin\u00e1ria", "autoria": "Am\u00e9rico Bell\u00e9", "texto_original": "http://sapl.capanema.pr.leg.br/media/sapl/public/materialegislativa/2021/702/projeto_de_lei_no_22_de_2021.pdf", "ementa": "Disp\u00f5e sobre o Plano Plurianual de Governo do Munic\u00edpio de Capanema, para o per\u00edodo de 2022 a 2025."}, {"id": "708", "ano": "2021", "numero": "23", "tipo__sigla": "PLO", "tipo__descricao": "Projeto de Lei Ordin\u00e1ria", "autoria": "Am\u00e9rico Bell\u00e9", "texto_original": "http://sapl.capanema.pr.leg.br/media/sapl/public/materialegislativa/2021/708/projeto_de_lei_no_23_de_2021.pdf", "ementa": "Autoriza o Poder Executivo, em nome do Munic\u00edpio de Capanema/PR, a adquirir a t\u00edtulo oneroso o im\u00f3vel rural descrito como parcela de 1.500 m\u00b2, que ser\u00e1 destacado do Lote Rural n\u00ba 76 e 72-A da Gleba n\u00ba 119-CP, do N\u00facleo Capanema, Col\u00f4nia Miss\u00f5es, do Munic\u00edpio de Capanema-PR, registrado sobre Matr\u00edcula Imobili\u00e1ria n\u00ba 9.929 no Servi\u00e7o de Registro de Im\u00f3veis da Comarca de Capanema-PR e d\u00e1 outras provid\u00eancias."}, {"id": "715", "ano": "2021", "numero": "25", "tipo__sigla": "PLO", "tipo__descricao": "Projeto de Lei Ordin\u00e1ria", "autoria": "Am\u00e9rico Bell\u00e9", "texto_original": "http://sapl.capanema.pr.leg.br/media/sapl/public/materialegislativa/2021/715/projeto_de_lei_no_25_de_2021.pdf", "ementa": "Autoriza o Poder Executivo Municipal filiar-se e contribuir mensalmente, atrav\u00e9s de conv\u00eanio, com a Ag\u00eancia de Desenvolvimento Regional do Sudoeste do Paran\u00e1, gestora da Inst\u00e2ncia de Governan\u00e7a Regional (IGR) da Regi\u00e3o Tur\u00edstica Vales do Igua\u00e7u."}, {"id": "717", "ano": "2021", "numero": "26", "tipo__sigla": "PLO", "tipo__descricao": "Projeto de Lei Ordin\u00e1ria", "autoria": "Am\u00e9rico Bell\u00e9", "texto_original": "http://sapl.capanema.pr.leg.br/media/sapl/public/materialegislativa/2021/717/projeto_de_lei_no_26_de_2021.pdf", "ementa": "Altera as Leis Municipais n\u00ba 1.438/2013 e n\u00ba 1.280/2010 e d\u00e1 outras provid\u00eancias."}, {"id": "725", "ano": "2021", "numero": "28", "tipo__sigla": "PLO", "tipo__descricao": "Projeto de Lei Ordin\u00e1ria", "autoria": "Am\u00e9rico Bell\u00e9", "texto_original": "http://sapl.capanema.pr.leg.br/media/sapl/public/materialegislativa/2021/725/projeto_de_lei_ordinaria_no_28_de_2021.pdf", "ementa": "Autoriza o Executivo municipal a abrir Cr\u00e9ditos Adicionais Especiais e suplementares ao Or\u00e7amento do Munic\u00edpio de Capanema, para o exerc\u00edcio de 2021."}, {"id": "728", "ano": "2021", "numero": "29", "tipo__sigla": "PLO", "tipo__descricao": "Projeto de Lei Ordin\u00e1ria", "autoria": "Am\u00e9rico Bell\u00e9", "texto_original": "http://sapl.capanema.pr.leg.br/media/sapl/public/materialegislativa/2021/728/plo_no_29_de_2021.pdf", "ementa": "Disp\u00f5e sobre autoriza\u00e7\u00e3o de parcelamento de d\u00e9bitos do Munic\u00edpio de Capanema com o Programa de Integra\u00e7\u00e3o Social e de Forma\u00e7\u00e3o do Patrim\u00f4nio do Servidor P\u00fablico-PIS/PASEP."}, {"id": "737", "ano": "2021", "numero": "30", "tipo__sigla": "PLO", "tipo__descricao": "Projeto de Lei Ordin\u00e1ria", "autoria": "Am\u00e9rico Bell\u00e9", "texto_original": "http://sapl.capanema.pr.leg.br/media/sapl/public/materialegislativa/2021/737/plo_no_30_de_2021.pdf", "ementa": "Disp\u00f5em em revogar a Lei n\u00ba 1.770/2021, de 18 de Maio de 2021, que versa sobre conceder recomposi\u00e7\u00e3o das perdas inflacion\u00e1rias nas remunera\u00e7\u00f5es dos Servidores P\u00fablicos Ativos, Inativos, Conselheiros Tutelares e Servidores ocupantes de cargo em comiss\u00e3o do Poder Executivo Municipal."}, {"id": "761", "ano": "2021", "numero": "32", "tipo__sigla": "PLO", "tipo__descricao": "Projeto de Lei Ordin\u00e1ria", "autoria": "Am\u00e9rico Bell\u00e9", "texto_original": "http://sapl.capanema.pr.leg.br/media/sapl/public/materialegislativa/2021/761/plo_32.pdf", "ementa": "Altera dispositivos da Lei 1.745 de 23 de julho de 2020 e d\u00e1 outras provid\u00eancias."}, {"id": "750", "ano": "2021", "numero": "33", "tipo__sigla": "PLO", "tipo__descricao": "Projeto de Lei Ordin\u00e1ria", "autoria": "Am\u00e9rico Bell\u00e9", "texto_original": "http://sapl.capanema.pr.leg.br/media/sapl/public/materialegislativa/2021/750/plo_no_33_de_2021.pdf", "ementa": "Autoriza o Poder Executivo Municipal a conceder isen\u00e7\u00e3o da cobran\u00e7a de Alvar\u00e1 \u00e0 Associa\u00e7\u00e3o de Turismo Doce Iguassu."}, {"id": "755", "ano": "2021", "numero": "35", "tipo__sigla": "PLO", "tipo__descricao": "Projeto de Lei Ordin\u00e1ria", "autoria": "Am\u00e9rico Bell\u00e9", "texto_original": "http://sapl.capanema.pr.leg.br/media/sapl/public/materialegislativa/2021/755/plo_35.pdf", "ementa": "Estima a receita e fixa a despesa do Munic\u00edpio de Capanema para o exerc\u00edcio financeiro de 2022."}, {"id": "756", "ano": "2021", "numero": "36", "tipo__sigla": "PLO", "tipo__descricao": "Projeto de Lei Ordin\u00e1ria", "autoria": "Am\u00e9rico Bell\u00e9", "texto_original": "http://sapl.capanema.pr.leg.br/media/sapl/public/materialegislativa/2021/756/plo_no_36_de_2021.pdf", "ementa": "Autoriza o Poder executivo Municipal a conceder incentivos \u00e0 Associa\u00e7\u00e3o de Turismo Doce Iguassu."}, {"id": "767", "ano": "2021", "numero": "37", "tipo__sigla": "PLO", "tipo__descricao": "Projeto de Lei Ordin\u00e1ria", "autoria": "Am\u00e9rico Bell\u00e9", "texto_original": "http://sapl.capanema.pr.leg.br/media/sapl/public/materialegislativa/2021/767/plo_37.pdf", "ementa": "Autoriza o Executivo municipal a abrir Cr\u00e9ditos Adicionais Especiais e suplementares ao Or\u00e7amento do Munic\u00edpio de Capanema, para o exerc\u00edcio de 2021."}, {"id": "772", "ano": "2021", "numero": "38", "tipo__sigla": "PLO", "tipo__descricao": "Projeto de Lei Ordin\u00e1ria", "autoria": "Am\u00e9rico Bell\u00e9", "texto_original": "http://sapl.capanema.pr.leg.br/media/sapl/public/materialegislativa/2021/772/plo_38.pdf", "ementa": "Disp\u00f5e em suspender os efeitos financeiros at\u00e9 31/12/2021 da Lei n\u00ba 1.770/2021, de 18 de maio de 2021, que versa sobre conceder recomposi\u00e7\u00e3o das perdas inflacion\u00e1rias nas remunera\u00e7\u00f5es dos Servidores P\u00fablicos Ativos, Inativos, Conselheiros Tutelares e Servidores ocupantes de cargo em comiss\u00e3o do Poder Executivo Municipal."}, {"id": "776", "ano": "2021", "numero": "39", "tipo__sigla": "PLO", "tipo__descricao": "Projeto de Lei Ordin\u00e1ria", "autoria": "Mesa Executiva - MESEXECUTIVA", "texto_original": "http://sapl.capanema.pr.leg.br/media/sapl/public/materialegislativa/2021/776/plo_39.pdf", "ementa": "Disp\u00f5e sobre a suspens\u00e3o da Lei Municipal n\u00ba 1771, de 18 de maio de 2021, que concedeu a reposi\u00e7\u00e3o salarial aos servidores p\u00fablicos do Poder Legislativo Municipal."}, {"id": "775", "ano": "2021", "numero": "40", "tipo__sigla": "PLO", "tipo__descricao": "Projeto de Lei Ordin\u00e1ria", "autoria": "Am\u00e9rico Bell\u00e9", "texto_original": "http://sapl.capanema.pr.leg.br/media/sapl/public/materialegislativa/2021/775/plo_40.pdf", "ementa": "Altera artigo 18 da Lei 1.745 de 23 de julho de 2020 e d\u00e1 outras provid\u00eancias."}, {"id": "797", "ano": "2021", "numero": "41", "tipo__sigla": "PLO", "tipo__descricao": "Projeto de Lei Ordin\u00e1ria", "autoria": "Am\u00e9rico Bell\u00e9", "texto_original": "http://sapl.capanema.pr.leg.br/media/sapl/public/materialegislativa/2021/797/plo_no_41_de_2021.pdf", "ementa": "Institui o Programa de Incentivos ao Esporte de Capanema e d\u00e1 outras provid\u00eancias."}, {"id": "785", "ano": "2021", "numero": "42", "tipo__sigla": "PLO", "tipo__descricao": "Projeto de Lei Ordin\u00e1ria", "autoria": "Am\u00e9rico Bell\u00e9", "texto_original": "http://sapl.capanema.pr.leg.br/media/sapl/public/materialegislativa/2021/785/plo_42.pdf", "ementa": "Altera a Lei Municipal n\u00ba 1.762/2021, que disp\u00f5e sobre a contrata\u00e7\u00e3o tempor\u00e1ria de Auxiliares de Servi\u00e7os Gerais por meio de Processo Seletivo Simplificado."}, {"id": "799", "ano": "2021", "numero": "43", "tipo__sigla": "PLO", "tipo__descricao": "Projeto de Lei Ordin\u00e1ria", "autoria": "Am\u00e9rico Bell\u00e9", "texto_original": "http://sapl.capanema.pr.leg.br/media/sapl/public/materialegislativa/2021/799/plo_43.pdf", "ementa": "Autoriza o Poder Executivo Municipal de Capanema a celebrar termo de apoio financeiro com a COPACOL - Cooperativa Agr\u00edcola Consolata e d\u00e1 outras provid\u00eancias."}, {"id": "803", "ano": "2021", "numero": "44", "tipo__sigla": "PLO", "tipo__descricao": "Projeto de Lei Ordin\u00e1ria", "autoria": "Am\u00e9rico Bell\u00e9", "texto_original": "http://sapl.capanema.pr.leg.br/media/sapl/public/materialegislativa/2021/803/pol_44.pdf", "ementa": "Autoriza o Executivo Municipal a abrir Cr\u00e9dito Adicional Especial ao Or\u00e7amento do Munic\u00edpio de Capanema, para o exerc\u00edcio de 2021."}, {"id": "804", "ano": "2021", "numero": "45", "tipo__sigla": "PLO", "tipo__descricao": "Projeto de Lei Ordin\u00e1ria", "autoria": "Am\u00e9rico Bell\u00e9", "texto_original": "http://sapl.capanema.pr.leg.br/media/sapl/public/materialegislativa/2021/804/plo_45.pdf", "ementa": "Autoriza o Executivo Municipal a abrir Cr\u00e9dito Adicional Especial ao Or\u00e7amento do Munic\u00edpio de Capanema, para o exerc\u00edcio de 2021."}, {"id": "806", "ano": "2021", "numero": "46", "tipo__sigla": "PLO", "tipo__descricao": "Projeto de Lei Ordin\u00e1ria", "autoria": "Am\u00e9rico Bell\u00e9", "texto_original": "http://sapl.capanema.pr.leg.br/media/sapl/public/materialegislativa/2021/806/plo_46.pdf", "ementa": "Autoriza o Executivo Municipal a abrir Cr\u00e9ditos Adicionais Suplementares ao Or\u00e7amento do Munic\u00edpio de Capanema, para o exerc\u00edcio de 2021."}, {"id": "779", "ano": "2021", "numero": "1", "tipo__sigla": "PRE", "tipo__descricao": "Projeto de Resolu\u00e7\u00e3o", "autoria": "Mesa Executiva - MESEXECUTIVA", "texto_original": "http://sapl.capanema.pr.leg.br/media/sapl/public/materialegislativa/2021/779/p_resolucao.pdf", "ementa": "Autoriza a transfer\u00eancia de bens m\u00f3veis considerados inserv\u00edveis, na forma que especifica."}, {"id": "798", "ano": "2021", "numero": "2", "tipo__sigla": "PRE", "tipo__descricao": "Projeto de Resolu\u00e7\u00e3o", "autoria": "Mesa Executiva - MESEXECUTIVA", "texto_original": "http://sapl.capanema.pr.leg.br/media/sapl/public/materialegislativa/2021/798/resolucao.pdf", "ementa": "Estabelece a programa\u00e7\u00e3o financeira e o cronograma de execu\u00e7\u00e3o mensal de desembolso para o exerc\u00edcio financeiro de 2022, do Poder legislativo de Capanema-PR."}, {"id": "604", "ano": "2021", "numero": "1", "tipo__sigla": "REQ", "tipo__descricao": "Requerimento", "autoria": "Gean Denardin", "texto_original": "http://sapl.capanema.pr.leg.br/media/sapl/public/materialegislativa/2021/604/req_01.pdf", "ementa": "Solicita explica\u00e7\u00f5es ao Executivo Municipal sobre Cess\u00e3o de Servidor P\u00fablico Municipal."}, {"id": "605", "ano": "2021", "numero": "2", "tipo__sigla": "REQ", "tipo__descricao": "Requerimento", "autoria": "Pibe, Gean Denardin", "texto_original": "http://sapl.capanema.pr.leg.br/media/sapl/public/materialegislativa/2021/605/req_02.pdf", "ementa": "Solicitam informa\u00e7\u00f5es ao Executivo municipal sobre o excesso de pagamento de horas extras a um \u00fanico servidor municipal."}, {"id": "607", "ano": "2021", "numero": "3", "tipo__sigla": "REQ", "tipo__descricao": "Requerimento", "autoria": "Delmar Balzan", "texto_original": "http://sapl.capanema.pr.leg.br/media/sapl/public/materialegislativa/2021/607/requerimento_03_de_2021.pdf", "ementa": "Requer nos termos dos artigos 52 \u00a7 6\u00ba e 143 \u00a7 2\u00ba  do Regimento Interno, a dispensa dos Pareceres e quebra do interst\u00edcio regimental dos Projetos n.\u00ba01 e 03/2021, de autoria do Executivo Municipal."}, {"id": "613", "ano": "2021", "numero": "6", "tipo__sigla": "REQ", "tipo__descricao": "Requerimento", "autoria": "Edson Wilmsen, Delmar Balzan", "texto_original": "http://sapl.capanema.pr.leg.br/media/sapl/public/materialegislativa/2021/613/req_6.pdf", "ementa": "Solicitam informa\u00e7\u00f5es e justificativas do Executivo Municipal."}, {"id": "614", "ano": "2021", "numero": "7", "tipo__sigla": "REQ", "tipo__descricao": "Requerimento", "autoria": "Delmar Balzan, Brizolinha, Edson Wilmsen, Pibe, Serginho", "texto_original": "http://sapl.capanema.pr.leg.br/media/sapl/public/materialegislativa/2021/614/req_7.pdf", "ementa": "Solicitam c\u00f3pias de documentos, referente a folha de pagamento dos servidores p\u00fablicos municipais que receberam horas extras do ano de 2005 a 2016."}, {"id": "629", "ano": "2021", "numero": "8", "tipo__sigla": "REQ", "tipo__descricao": "Requerimento", "autoria": "Serginho", "texto_original": "http://sapl.capanema.pr.leg.br/media/sapl/public/materialegislativa/2021/629/req_08.pdf", "ementa": "Requer nos termos dos artigos 52 \u00a7 6\u00ba e 143 \u00a7 2\u00ba do Regimento Interno, a dispensa dos Pareceres e redu\u00e7\u00e3o do interst\u00edcio regimental dos Projetos n.\u00ba 06 e 07/2021."}, {"id": "632", "ano": "2021", "numero": "9", "tipo__sigla": "REQ", "tipo__descricao": "Requerimento", "autoria": "Dirceu Alchieri, Cladir Sinesio Klein, Gean Denardin, Olinda Szimanski  Pelegrina", "texto_original": "http://sapl.capanema.pr.leg.br/media/sapl/public/materialegislativa/2021/632/req_9.pdf", "ementa": "Considerando a poss\u00edvel ocorr\u00eancia de irregularidades no Preg\u00e3o n\u00ba 107/2020, conforme not\u00edcia publicada no site do TCE/PR, requeremos informa\u00e7\u00f5es sobre as compras de pe\u00e7as de ve\u00edculos realizadas pelo Munic\u00edpio."}, {"id": "640", "ano": "2021", "numero": "10", "tipo__sigla": "REQ", "tipo__descricao": "Requerimento", "autoria": "Brizolinha", "texto_original": "http://sapl.capanema.pr.leg.br/media/sapl/public/materialegislativa/2021/640/req_10.pdf", "ementa": "Requer nos termos do artigo 52 \u00a7 6\u00ba e 143 \u00a7 2\u00ba do Regimento Interno a quebra do Interst\u00edcio Regimental do Projeto n\u00ba 10/2021 do Poder Executivo Municipal."}, {"id": "650", "ano": "2021", "numero": "11", "tipo__sigla": "REQ", "tipo__descricao": "Requerimento", "autoria": "Delmar Balzan", "texto_original": "http://sapl.capanema.pr.leg.br/media/sapl/public/materialegislativa/2021/650/req_11_de_2021.pdf", "ementa": "Requer  nos termos dos artigos 52 \u00a7 6\u00ba  e 143 \u00a7 2\u00ba do Regimento Interno, a quebra do interst\u00edcio regimental do  Projeto n.\u00ba  11/2021 do Poder Executivo Municipal que \" Altera a lei Municipal n\u00ba 1.608/2017, que disp\u00f5e sobre a contrata\u00e7\u00e3o tempor\u00e1rias de profissionais\"."}, {"id": "656", "ano": "2021", "numero": "12", "tipo__sigla": "REQ", "tipo__descricao": "Requerimento", "autoria": "Brizolinha", "texto_original": "http://sapl.capanema.pr.leg.br/media/sapl/public/materialegislativa/2021/656/req_12.pdf", "ementa": "Requer nos termos dos artigos 52 \u00a7 6\u00ba e 143 \u00a7 2\u00ba do Regimento Interno, a quebra do interst\u00edcio regimental do Projeto n.\u00ba 12/2021 do Poder Executivo Municipal Municipal."}, {"id": "658", "ano": "2021", "numero": "13", "tipo__sigla": "REQ", "tipo__descricao": "Requerimento", "autoria": "Olinda Szimanski  Pelegrina", "texto_original": "http://sapl.capanema.pr.leg.br/media/sapl/public/materialegislativa/2021/658/req_no_13_de_2021.pdf", "ementa": "Requer nos termos do artigo 143 do Regimento Interno documentos relacionados ao Departamento de Cultura do  Munic\u00edpio de Capanema."}, {"id": "680", "ano": "2021", "numero": "15", "tipo__sigla": "REQ", "tipo__descricao": "Requerimento", "autoria": "Brizolinha", "texto_original": "http://sapl.capanema.pr.leg.br/media/sapl/public/materialegislativa/2021/680/r_15.pdf", "ementa": "Requer nos termos dos artigos 52 \u00a7 6\u00ba e 143 \u00a7 2\u00ba do Regimento Interno, a quebra do interst\u00edcio regimental dos Projetos n.\u00ba 14/2021 de autoria do Poder Executivo Municipal e n\u00ba 15 da Mesa Executiva do Poder Legislativo Municipal."}, {"id": "688", "ano": "2021", "numero": "16", "tipo__sigla": "REQ", "tipo__descricao": "Requerimento", "autoria": "Brizolinha", "texto_original": "http://sapl.capanema.pr.leg.br/media/sapl/public/materialegislativa/2021/688/ind_16.pdf", "ementa": "Requer nos termos dos artigos 52 \u00a7 6\u00ba e 143 \u00a7 2\u00ba do Regimento Interno a quebra do interst\u00edcio regimental do Projeto n.\u00ba 19/2021 de autoria do Poder Executivo Municipal."}, {"id": "709", "ano": "2021", "numero": "17", "tipo__sigla": "REQ", "tipo__descricao": "Requerimento", "autoria": "Delmar Balzan", "texto_original": "http://sapl.capanema.pr.leg.br/media/sapl/public/materialegislativa/2021/709/requerimento_no_17_de_2021.pdf", "ementa": "Requer  nos termos dos artigos 52 \u00a7 6\u00ba 143 \u00a7 2\u00ba do Regimento Interno a quebra do interst\u00edcio regimental do  Projeto n.\u00ba  23/2021, de autoria do Poder Executivo."}, {"id": "713", "ano": "2021", "numero": "18", "tipo__sigla": "REQ", "tipo__descricao": "Requerimento", "autoria": "Dirceu Alchieri", "texto_original": "http://sapl.capanema.pr.leg.br/media/sapl/public/materialegislativa/2021/713/requerimento_no_18_de_2021.pdf", "ementa": "Requer informa\u00e7\u00f5es sobre a Lei 1.703/2019, que \"Autoriza o Poder Executivo Municipal a contratar opera\u00e7\u00e3o de Cr\u00e9dito com a Ag\u00eancia de Fomento do Paran\u00e1 S.A\"."}, {"id": "722", "ano": "2021", "numero": "19", "tipo__sigla": "REQ", "tipo__descricao": "Requerimento", "autoria": "Delmar Balzan", "texto_original": "http://sapl.capanema.pr.leg.br/media/sapl/public/materialegislativa/2021/722/req_19.pdf", "ementa": "Requer nos termos dos artigos 52 \u00a7 6\u00ba 143 \u00a7 2\u00ba do Regimento Interno, a dispensa dos Pareceres e quebra do interst\u00edcio regimental do Projeto n.\u00ba 20/2021, de autoria do Poder Executivo Municipal, que \"Altera a lei Municipal n\u00ba 1.608/2017, que disp\u00f5e sobre a contrata\u00e7\u00e3o tempor\u00e1ria de profissionais\"."}, {"id": "727", "ano": "2021", "numero": "20", "tipo__sigla": "REQ", "tipo__descricao": "Requerimento", "autoria": "Serginho", "texto_original": "http://sapl.capanema.pr.leg.br/media/sapl/public/materialegislativa/2021/727/req_20.pdf", "ementa": "Requer nos termos dos artigos 52 \u00a7 6\u00ba 143 \u00a7 2\u00ba do Regimento Interno, a  quebra do interst\u00edcio regimental dos Projeto n.\u00ba 27 e 28/2021, de autoria do Poder Executivo Municipal."}, {"id": "731", "ano": "2021", "numero": "21", "tipo__sigla": "REQ", "tipo__descricao": "Requerimento", "autoria": "Brizolinha", "texto_original": "http://sapl.capanema.pr.leg.br/media/sapl/public/materialegislativa/2021/731/req_21.pdf", "ementa": "Requer nos termos dos artigos 52 \u00a7 6\u00ba 143 \u00a7 2\u00ba do Regimento Interno, a quebra do interst\u00edcio regimental do Projeto de Lei n.\u00ba 29 /2021, que: Disp\u00f5e sobre autoriza\u00e7\u00e3o de parcelamento de d\u00e9bitos do Munic\u00edpio de Capanema com o Programa de Integra\u00e7\u00e3o Social e de Forma\u00e7\u00e3o do Patrim\u00f4nio do Servidor P\u00fablico-PIS/PASEP."}, {"id": "763", "ano": "2021", "numero": "22", "tipo__sigla": "REQ", "tipo__descricao": "Requerimento", "autoria": "Brizolinha", "texto_original": "http://sapl.capanema.pr.leg.br/media/sapl/public/materialegislativa/2021/763/req_22.pdf", "ementa": "Requer nos termos dos artigos 52 \u00a7 6\u00ba 143 \u00a7 2\u00ba do Regimento Interno, a quebra do interst\u00edcio regimental dos Projetos n.\u00ba 34 e 36/2021, de autoria do Executivo Municipal"}, {"id": "770", "ano": "2021", "numero": "23", "tipo__sigla": "REQ", "tipo__descricao": "Requerimento", "autoria": "Gean Denardin", "texto_original": "http://sapl.capanema.pr.leg.br/media/sapl/public/materialegislativa/2021/770/23.pdf", "ementa": "Requer nos termos do artigo 143 do Regimento Interno, todos os documentos que comprovem o pagamento de horas extras aos Procuradores do Munic\u00edpio."}, {"id": "771", "ano": "2021", "numero": "24", "tipo__sigla": "REQ", "tipo__descricao": "Requerimento", "autoria": "Gean Denardin", "texto_original": "http://sapl.capanema.pr.leg.br/media/sapl/public/materialegislativa/2021/771/24.pdf", "ementa": "Requer nos termos do artigo 143 do Regimento Interno, documentos que comprovem pagamento de di\u00e1rias aos motoristas lotados na Secretaria Municipal."}, {"id": "777", "ano": "2021", "numero": "25", "tipo__sigla": "REQ", "tipo__descricao": "Requerimento", "autoria": "Delmar Balzan", "texto_original": "http://sapl.capanema.pr.leg.br/media/sapl/public/materialegislativa/2021/777/rec_25.pdf", "ementa": "Requer nos termos dos artigos 52 \u00a7 6\u00ba 143 \u00a7 2\u00ba do Regimento Interno, a  quebra do interst\u00edcio regimental do Projeto de Lei n.\u00ba 37/2021, de autoria do Executivo Municipal e do Projeto de Lei n\u00ba 39/2021 de autoria do Legislativo Municipal."}, {"id": "774", "ano": "2021", "numero": "26", "tipo__sigla": "REQ", "tipo__descricao": "Requerimento", "autoria": "Delmar Balzan", "texto_original": "http://sapl.capanema.pr.leg.br/media/sapl/public/materialegislativa/2021/774/req_26.pdf", "ementa": "Requer nos termos dos artigos 52 \u00a7 6\u00ba 143 \u00a7 2\u00ba do Regimento Interno, a dispensa dos Pareceres e quebra do interst\u00edcio regimental do Projeto de Lei n.\u00ba 38/2021, de autoria do Executivo Municipal."}, {"id": "781", "ano": "2021", "numero": "27", "tipo__sigla": "REQ", "tipo__descricao": "Requerimento", "autoria": "Brizolinha, Delmar Balzan, Edson Wilmsen, Pibe, Serginho", "texto_original": "http://sapl.capanema.pr.leg.br/media/sapl/public/materialegislativa/2021/781/req.pdf", "ementa": "Requer nos termos do artigo 143 do Regimento Interno, documentos que comprovem pagamento de di\u00e1rias e horas extras aos motoristas lotados na Secretaria de Sa\u00fade Municipal, nos anos de 2013, 2014, 2015 e 2016."}, {"id": "791", "ano": "2021", "numero": "28", "tipo__sigla": "REQ", "tipo__descricao": "Requerimento", "autoria": "Delmar Balzan", "texto_original": "http://sapl.capanema.pr.leg.br/media/sapl/public/materialegislativa/2021/791/req_28.pdf", "ementa": "Requer nos termos dos artigos 52 \u00a7 6\u00ba 143 \u00a7 2\u00ba do Regimento Interno, a quebra do interst\u00edcio regimental do Projeto n.\u00ba 42/2021, de autoria do Executivo Municipal."}, {"id": "800", "ano": "2021", "numero": "29", "tipo__sigla": "REQ", "tipo__descricao": "Requerimento", "autoria": "Brizolinha", "texto_original": "http://sapl.capanema.pr.leg.br/media/sapl/public/materialegislativa/2021/800/req_29.pdf", "ementa": "Requer nos termos dos artigos 52 \u00a7 6\u00ba 143 \u00a7 2\u00ba do Regimento Interno, requeiro a quebra do interst\u00edcio regimental do Projeto n.\u00ba 43/2021, de autoria do Executivo Municipal."}, {"id": "801", "ano": "2021", "numero": "30", "tipo__sigla": "REQ", "tipo__descricao": "Requerimento", "autoria": "Delmar Balzan", "texto_original": "http://sapl.capanema.pr.leg.br/media/sapl/public/materialegislativa/2021/801/req_30.pdf", "ementa": "Respeitando o artigo 143 inciso V, requeiro a Mesa Executiva o envio de c\u00f3pia deste ao Poder Executivo Municipal para as provid\u00eancias necess\u00e1rias junto a Sanepar."}, {"id": "805", "ano": "2021", "numero": "31", "tipo__sigla": "REQ", "tipo__descricao": "Requerimento", "autoria": "Edson Wilmsen", "texto_original": "http://sapl.capanema.pr.leg.br/media/sapl/public/materialegislativa/2021/805/req_31.pdf", "ementa": "Requer nos termos dos artigos 52 \u00a7 6\u00ba 143 \u00a7 2\u00ba do Regimento Interno, requeiro a quebra do interst\u00edcio regimental do Projeto n.\u00ba 45/2021, de autoria do Executivo Municipal."}, {"id": "807", "ano": "2021", "numero": "32", "tipo__sigla": "REQ", "tipo__descricao": "Requerimento", "autoria": "Delmar Balzan", "texto_original": "http://sapl.capanema.pr.leg.br/media/sapl/public/materialegislativa/2021/807/req_32.pdf", "ementa": "Nos termos dos artigos 52 \u00a7 6\u00ba 143 \u00a7 2\u00ba do Regimento Interno, requeiro a quebra do interst\u00edcio regimental do Projeto n.\u00ba 46/2021, de autoria do Poder Executivo Municipal."}, {"id": "808", "ano": "2021", "numero": "33", "tipo__sigla": "REQ", "tipo__descricao": "Requerimento", "autoria": "Brizolinha, Delmar Balzan, Edson Wilmsen", "texto_original": "http://sapl.capanema.pr.leg.br/media/sapl/public/materialegislativa/2021/808/req_33.pdf", "ementa": "Solicitamos a dispensa de todos os Pareceres das Comiss\u00f5es respons\u00e1veis, inclusive Parecer de Emenda e a quebra do interst\u00edcio regimental do Projeto de lei n\u00ba 41/2021, de autoria do Poder Executivo Municipal."}]}