{"id":8215,"__str__":"Requerimento n\u00ba 3 de 2025 | Proposi\u00e7\u00e3o inclusa na Ordem do Dia | 28/02/2025","link_detail_backend":"/materia/tramitacao/8215","metadata":{},"timestamp":"2025-02-28T16:07:58.586984-03:00","data_tramitacao":"2025-02-28","data_encaminhamento":"2025-02-28","urgente":false,"turno":"","texto":"Proposi\u00e7\u00e3o inclusa na ordem do dia da sess\u00e3o ordin\u00e1ria do dia 05/03/2025.","data_fim_prazo":null,"ip":"167.250.44.163","ultima_edicao":"2025-02-28T16:07:19.225083-03:00","status":3,"materia":1370,"unidade_tramitacao_local":3,"unidade_tramitacao_destino":6,"user":20}