{"id":272,"__str__":"Requerimento n\u00ba 103 de 2017 | Proposi\u00e7\u00e3o inclusa na Ordem do Dia | 05/09/2017","link_detail_backend":"/materia/tramitacao/272","metadata":{},"timestamp":"2018-10-03T06:50:03.980612-03:00","data_tramitacao":"2017-09-05","data_encaminhamento":"2017-09-05","urgente":false,"turno":"U","texto":"Proposi\u00e7\u00e3o Inclusa na Ordem do Dia da Sess\u00e3o do Dia 11/09/2017.","data_fim_prazo":null,"ip":"","ultima_edicao":null,"status":3,"materia":143,"unidade_tramitacao_local":13,"unidade_tramitacao_destino":6,"user":null}