{"id":1888,"__str__":"Requerimento n\u00ba 23 de 2019 | Proposi\u00e7\u00e3o inclusa na Ordem do Dia | 26/09/2019","link_detail_backend":"/materia/tramitacao/1888","metadata":{},"timestamp":"2019-09-26T11:10:17.465266-03:00","data_tramitacao":"2019-09-26","data_encaminhamento":"2019-09-26","urgente":false,"turno":"U","texto":"Proposi\u00e7\u00e3o inclusa na ordem do dia da sess\u00e3o ordin\u00e1ria do dia 30/09/2019.","data_fim_prazo":null,"ip":"167.250.44.163","ultima_edicao":null,"status":3,"materia":410,"unidade_tramitacao_local":6,"unidade_tramitacao_destino":6,"user":20}