{"id":1220,"__str__":"Requerimento n\u00ba 16 de 2018 | Proposi\u00e7\u00e3o inclusa na Ordem do Dia | 18/12/2018","link_detail_backend":"/materia/tramitacao/1220","metadata":{},"timestamp":"2018-12-19T17:09:21.782928-02:00","data_tramitacao":"2018-12-18","data_encaminhamento":"2018-12-18","urgente":false,"turno":"U","texto":"proposi\u00e7\u00e3o inclusa na Ordem do Dia da Sess\u00e3o Extraordin\u00e1ria do dia 18/12/2018.","data_fim_prazo":null,"ip":"","ultima_edicao":null,"status":3,"materia":306,"unidade_tramitacao_local":6,"unidade_tramitacao_destino":6,"user":null}