{"id":849,"__str__":"Indica\u00e7\u00e3o n\u00ba 19 de 2022","link_detail_backend":"/materia/849","metadata":{},"numero":19,"ano":2022,"numero_protocolo":171,"data_apresentacao":"2022-03-21","tipo_apresentacao":"E","data_publicacao":null,"numero_origem_externa":"","ano_origem_externa":null,"data_origem_externa":null,"apelido":"","dias_prazo":null,"data_fim_prazo":null,"em_tramitacao":false,"polemica":false,"objeto":"","complementar":false,"ementa":"Indico aquisi\u00e7\u00e3o de uma Mini-Van e mobili\u00e1rio/utens\u00edlios para o Centro Dia/Idoso, atrav\u00e9s de Emenda Impositiva do Deputado Federal Hermes Frang\u00e3o Parcianello, no montante de R$ 201.540,00 (duzentos e um mil e quinhentos e quarenta reais).","indexacao":"","observacao":"","resultado":"","texto_original":"http://sapl.capanema.pr.leg.br/media/sapl/public/materialegislativa/2022/849/19.pdf","data_ultima_atualizacao":"2022-05-09T09:56:32.786494-03:00","ip":"167.250.44.163","ultima_edicao":"2022-03-21T18:03:13.503827-03:00","tipo":8,"regime_tramitacao":1,"tipo_origem_externa":null,"local_origem_externa":null,"user":20,"anexadas":[],"autores":[37]}