{"id":933,"__str__":"Of\u00edcio - Of\u00edcio Legislativo. de 22/09/2020 por Am\u00e9rico Bell\u00e9","link_detail_backend":"/materia/documentoacessorio/933","metadata":{},"nome":"Of\u00edcio Legislativo.","data":"2020-09-22","autor":"Am\u00e9rico Bell\u00e9","ementa":"Of\u00edcio n\u00ba 291/2020 trazendo informa\u00e7\u00f5es sobre a Indica\u00e7\u00e3o n\u00ba 30/2020.","indexacao":"","arquivo":"http://sapl.capanema.pr.leg.br/media/sapl/public/documentoacessorio/2020/933/of._291.pdf","data_ultima_atualizacao":"2020-09-22T15:16:18.103842-03:00","materia":564,"tipo":7}