{"id":666,"__str__":"Of\u00edcio - of\u00edcio 07/2020 de 22/01/2020 por Am\u00e9rico Bell\u00e9","link_detail_backend":"/materia/documentoacessorio/666","metadata":{},"nome":"of\u00edcio 07/2020","data":"2020-01-22","autor":"Am\u00e9rico Bell\u00e9","ementa":"Encaminha PLO n\u00ba 02/2020.","indexacao":"","arquivo":"http://sapl.capanema.pr.leg.br/media/sapl/public/documentoacessorio/2020/666/oficio_prefeito.pdf","data_ultima_atualizacao":"2020-01-22T20:20:58.161588-03:00","materia":441,"tipo":7}