{"id":599,"__str__":"Of\u00edcio - 348 de 25/10/2019 por Am\u00e9rico Bell\u00e9","link_detail_backend":"/materia/documentoacessorio/599","metadata":{},"nome":"348","data":"2019-10-25","autor":"Am\u00e9rico Bell\u00e9","ementa":"Of\u00edcio acompanhando Norma jur\u00eddica.","indexacao":"","arquivo":"http://sapl.capanema.pr.leg.br/media/sapl/public/documentoacessorio/2019/599/of._348.pdf","data_ultima_atualizacao":"2019-10-25T09:55:01.528588-03:00","materia":411,"tipo":7}