{"id":540,"__str__":"Parecer Comiss\u00e3o - CJR de 06/09/2019 por Comiss\u00e3o de Justi\u00e7a e Reda\u00e7\u00e3o","link_detail_backend":"/materia/documentoacessorio/540","metadata":{},"nome":"CJR","data":"2019-09-06","autor":"Comiss\u00e3o de Justi\u00e7a e Reda\u00e7\u00e3o","ementa":"parecer referente ao PLO n\u00ba 46/2019.","indexacao":"","arquivo":"http://sapl.capanema.pr.leg.br/media/sapl/public/documentoacessorio/2019/540/46.pdf","data_ultima_atualizacao":"2019-09-06T09:54:10.933301-03:00","materia":403,"tipo":16}