{"id":5308,"__str__":"Acess\u00f3rio - Comunica\u00e7\u00e3o Interna de 29/09/2025 por paulo de lima gon\u00e7alves","link_detail_backend":"/materia/documentoacessorio/5308","metadata":{},"nome":"Comunica\u00e7\u00e3o Interna","data":"2025-09-29","autor":"paulo de lima gon\u00e7alves","ementa":"CI","indexacao":"","arquivo":"http://sapl.capanema.pr.leg.br/media/sapl/public/documentoacessorio/2025/5308/ci.pdf","data_ultima_atualizacao":"2025-09-29T15:53:05.994770-03:00","materia":1541,"tipo":15}