{"id":5206,"__str__":"Acess\u00f3rio - Comunica\u00e7\u00e3o Interna de 09/09/2025 por paulo de lima gon\u00e7alves","link_detail_backend":"/materia/documentoacessorio/5206","metadata":{},"nome":"Comunica\u00e7\u00e3o Interna","data":"2025-09-09","autor":"paulo de lima gon\u00e7alves","ementa":"CI","indexacao":"","arquivo":"http://sapl.capanema.pr.leg.br/media/sapl/public/documentoacessorio/2025/5206/ci_ind_104.pdf","data_ultima_atualizacao":"2025-09-09T10:16:43.749827-03:00","materia":1526,"tipo":15}