{"id":5101,"__str__":"Acess\u00f3rio - Comunica\u00e7\u00e3o Interna de 31/07/2025 por paulo de lima gon\u00e7alves","link_detail_backend":"/materia/documentoacessorio/5101","metadata":{},"nome":"Comunica\u00e7\u00e3o Interna","data":"2025-07-31","autor":"paulo de lima gon\u00e7alves","ementa":"CI","indexacao":"","arquivo":"http://sapl.capanema.pr.leg.br/media/sapl/public/documentoacessorio/2025/5101/ci.pdf","data_ultima_atualizacao":"2025-07-31T09:57:17.097765-03:00","materia":1492,"tipo":15}