{"id":5063,"__str__":"Acess\u00f3rio - Comunica\u00e7\u00e3o Interna de 14/07/2025 por paulo de lima gon\u00e7alves","link_detail_backend":"/materia/documentoacessorio/5063","metadata":{},"nome":"Comunica\u00e7\u00e3o Interna","data":"2025-07-14","autor":"paulo de lima gon\u00e7alves","ementa":"ci","indexacao":"","arquivo":"http://sapl.capanema.pr.leg.br/media/sapl/public/documentoacessorio/2025/5063/ci.pdf","data_ultima_atualizacao":"2025-07-14T08:28:55.383801-03:00","materia":1450,"tipo":15}