{"id":4944,"__str__":"Acess\u00f3rio - Comunica\u00e7\u00e3o Interna de 06/06/2025 por paulo de lima gon\u00e7alves","link_detail_backend":"/materia/documentoacessorio/4944","metadata":{},"nome":"Comunica\u00e7\u00e3o Interna","data":"2025-06-06","autor":"paulo de lima gon\u00e7alves","ementa":"CI","indexacao":"","arquivo":"http://sapl.capanema.pr.leg.br/media/sapl/public/documentoacessorio/2025/4944/ci.pdf","data_ultima_atualizacao":"2025-06-06T14:03:39.540645-03:00","materia":1467,"tipo":15}