{"id":4939,"__str__":"Acess\u00f3rio - Comunica\u00e7\u00e3o Interna de 05/06/2025 por paulo de lima gon\u00e7alves","link_detail_backend":"/materia/documentoacessorio/4939","metadata":{},"nome":"Comunica\u00e7\u00e3o Interna","data":"2025-06-05","autor":"paulo de lima gon\u00e7alves","ementa":"Ci","indexacao":"","arquivo":"http://sapl.capanema.pr.leg.br/media/sapl/public/documentoacessorio/2025/4939/ci_70.pdf","data_ultima_atualizacao":"2025-06-05T10:13:20.476153-03:00","materia":1460,"tipo":15}