{"id":4907,"__str__":"Acess\u00f3rio - Comunica\u00e7\u00e3o Interna de 23/05/2025 por paulo de lima gon\u00e7alves","link_detail_backend":"/materia/documentoacessorio/4907","metadata":{},"nome":"Comunica\u00e7\u00e3o Interna","data":"2025-05-23","autor":"paulo de lima gon\u00e7alves","ementa":"CI","indexacao":"","arquivo":"http://sapl.capanema.pr.leg.br/media/sapl/public/documentoacessorio/2025/4907/ci_65.pdf","data_ultima_atualizacao":"2025-05-23T08:46:55.725851-03:00","materia":1453,"tipo":15}