{"id":485,"__str__":"Of\u00edcio - 274 de 05/08/2019 por Am\u00e9rico Bell\u00e9","link_detail_backend":"/materia/documentoacessorio/485","metadata":{},"nome":"274","data":"2019-08-05","autor":"Am\u00e9rico Bell\u00e9","ementa":"of. resposta","indexacao":"","arquivo":"http://sapl.capanema.pr.leg.br/media/sapl/public/documentoacessorio/2019/485/req_15.pdf","data_ultima_atualizacao":"2019-08-05T18:21:58.922196-03:00","materia":366,"tipo":7}