{"id":4800,"__str__":"Acess\u00f3rio - Comunica\u00e7\u00e3o Interna de 23/04/2025 por paulo de lima gon\u00e7alves","link_detail_backend":"/materia/documentoacessorio/4800","metadata":{},"nome":"Comunica\u00e7\u00e3o Interna","data":"2025-04-23","autor":"paulo de lima gon\u00e7alves","ementa":"CI","indexacao":"","arquivo":"http://sapl.capanema.pr.leg.br/media/sapl/public/documentoacessorio/2025/4800/ci_ind_47.pdf","data_ultima_atualizacao":"2025-04-23T09:21:05.660620-03:00","materia":1427,"tipo":15}