{"id":4683,"__str__":"Acess\u00f3rio - Comunica\u00e7\u00e3o Interna de 25/03/2025 por paulo de lima gon\u00e7alves","link_detail_backend":"/materia/documentoacessorio/4683","metadata":{},"nome":"Comunica\u00e7\u00e3o Interna","data":"2025-03-25","autor":"paulo de lima gon\u00e7alves","ementa":"CI","indexacao":"","arquivo":"http://sapl.capanema.pr.leg.br/media/sapl/public/documentoacessorio/2025/4683/ci.pdf","data_ultima_atualizacao":"2025-03-25T17:00:10.858517-03:00","materia":1397,"tipo":15}