{"id":4660,"__str__":"Acess\u00f3rio - Comunica\u00e7\u00e3o Interna de 19/03/2025 por paulo de lima gon\u00e7alves","link_detail_backend":"/materia/documentoacessorio/4660","metadata":{},"nome":"Comunica\u00e7\u00e3o Interna","data":"2025-03-19","autor":"paulo de lima gon\u00e7alves","ementa":"CI","indexacao":"","arquivo":"http://sapl.capanema.pr.leg.br/media/sapl/public/documentoacessorio/2025/4660/ci.pdf","data_ultima_atualizacao":"2025-03-19T11:03:24.568724-03:00","materia":1389,"tipo":15}