{"id":4634,"__str__":"Acess\u00f3rio - Comunica\u00e7\u00e3o Interna de 17/03/2025 por paulo de lima gon\u00e7alves","link_detail_backend":"/materia/documentoacessorio/4634","metadata":{},"nome":"Comunica\u00e7\u00e3o Interna","data":"2025-03-17","autor":"paulo de lima gon\u00e7alves","ementa":"CI","indexacao":"","arquivo":"http://sapl.capanema.pr.leg.br/media/sapl/public/documentoacessorio/2025/4634/ci_plo_10.pdf","data_ultima_atualizacao":"2025-03-17T16:02:58.542067-03:00","materia":1395,"tipo":15}