{"id":4609,"__str__":"Acess\u00f3rio - Comunica\u00e7\u00e3o Interna de 14/03/2025 por paulo de lima gon\u00e7alves","link_detail_backend":"/materia/documentoacessorio/4609","metadata":{},"nome":"Comunica\u00e7\u00e3o Interna","data":"2025-03-14","autor":"paulo de lima gon\u00e7alves","ementa":"CI","indexacao":"","arquivo":"http://sapl.capanema.pr.leg.br/media/sapl/public/documentoacessorio/2025/4609/ci_ind_29.pdf","data_ultima_atualizacao":"2025-03-14T08:10:46.791316-03:00","materia":1393,"tipo":15}