{"id":4585,"__str__":"Exposi\u00e7\u00e3o de Motivos - Exposi\u00e7\u00e3o de Motivos de 06/03/2025 por Neivor Kessler","link_detail_backend":"/materia/documentoacessorio/4585","metadata":{},"nome":"Exposi\u00e7\u00e3o de Motivos","data":"2025-03-06","autor":"Neivor Kessler","ementa":"Exposi\u00e7\u00e3o de Motivo","indexacao":"","arquivo":"http://sapl.capanema.pr.leg.br/media/sapl/public/documentoacessorio/2025/4585/exp_de_mot_ao_plc_05.pdf","data_ultima_atualizacao":"2025-03-06T13:59:07.958469-03:00","materia":1385,"tipo":6}