{"id":4582,"__str__":"Exposi\u00e7\u00e3o de Motivos - Exposi\u00e7\u00e3o de Motivos de 06/03/2025 por Neivor Kessler","link_detail_backend":"/materia/documentoacessorio/4582","metadata":{},"nome":"Exposi\u00e7\u00e3o de Motivos","data":"2025-03-06","autor":"Neivor Kessler","ementa":"Exposi\u00e7\u00e3o de Motivos ao PLO 09 de 2025","indexacao":"","arquivo":"http://sapl.capanema.pr.leg.br/media/sapl/public/documentoacessorio/2025/4582/expo_de_motivo_plo_09.pdf","data_ultima_atualizacao":"2025-03-06T10:41:20.098223-03:00","materia":1384,"tipo":6}