{"id":456,"__str__":"Of\u00edcio - Of\u00edcio n\u00ba 172 do Executivo. de 02/07/2019 por Am\u00e9rico Bell\u00e9","link_detail_backend":"/materia/documentoacessorio/456","metadata":{},"nome":"Of\u00edcio n\u00ba 172 do Executivo.","data":"2019-07-02","autor":"Am\u00e9rico Bell\u00e9","ementa":"Of\u00edcio n\u00ba 172 do Executivo.","indexacao":"","arquivo":"http://sapl.capanema.pr.leg.br/media/sapl/public/documentoacessorio/2019/456/oficio_no_172_de_2019__executivo.pdf","data_ultima_atualizacao":"2019-07-02T08:24:31.095733-03:00","materia":377,"tipo":7}