{"id":4513,"__str__":"Exposi\u00e7\u00e3o de Motivos - Exposi\u00e7\u00e3o de Motivos de 05/02/2025 por Neivor Kessler","link_detail_backend":"/materia/documentoacessorio/4513","metadata":{},"nome":"Exposi\u00e7\u00e3o de Motivos","data":"2025-02-05","autor":"Neivor Kessler","ementa":"Exposi\u00e7\u00e3o de Motivos","indexacao":"","arquivo":"http://sapl.capanema.pr.leg.br/media/sapl/public/documentoacessorio/2025/4513/exposicao_de_motivos.pdf","data_ultima_atualizacao":"2025-02-05T14:55:08.439774-03:00","materia":1351,"tipo":6}