{"id":3928,"__str__":"Acess\u00f3rio - Comunica\u00e7\u00e3o Interna de 08/03/2024 por paulo de lima gon\u00e7alves","link_detail_backend":"/materia/documentoacessorio/3928","metadata":{},"nome":"Comunica\u00e7\u00e3o Interna","data":"2024-03-08","autor":"paulo de lima gon\u00e7alves","ementa":"CI","indexacao":"","arquivo":"http://sapl.capanema.pr.leg.br/media/sapl/public/documentoacessorio/2024/3928/ci_26.pdf","data_ultima_atualizacao":"2024-03-08T15:46:33.174860-03:00","materia":1227,"tipo":15}