{"id":3921,"__str__":"Acess\u00f3rio - Comunica\u00e7\u00e3o Interna de 06/03/2024 por paulo de lima gon\u00e7alves","link_detail_backend":"/materia/documentoacessorio/3921","metadata":{},"nome":"Comunica\u00e7\u00e3o Interna","data":"2024-03-06","autor":"paulo de lima gon\u00e7alves","ementa":"CI","indexacao":"","arquivo":"http://sapl.capanema.pr.leg.br/media/sapl/public/documentoacessorio/2024/3921/ci_23.pdf","data_ultima_atualizacao":"2024-03-06T13:27:02.929538-03:00","materia":1224,"tipo":15}