{"id":391,"__str__":"Acess\u00f3rio - Edital de  Convoca\u00e7\u00e3o de 20/05/2019 por Valdomiro Brizola","link_detail_backend":"/materia/documentoacessorio/391","metadata":{},"nome":"Edital de  Convoca\u00e7\u00e3o","data":"2019-05-20","autor":"Valdomiro Brizola","ementa":"Edital de Convoca\u00e7\u00e3o 07/2019.","indexacao":"","arquivo":"http://sapl.capanema.pr.leg.br/media/sapl/public/documentoacessorio/2019/391/edital_de_convocacao.pdf","data_ultima_atualizacao":"2019-05-21T13:34:59.919161-03:00","materia":358,"tipo":15}