{"id":381,"__str__":"Of\u00edcio - Of\u00edcio n\u00ba 142/2019 de 06/05/2019 por Am\u00e9rico Bell\u00e9","link_detail_backend":"/materia/documentoacessorio/381","metadata":{},"nome":"Of\u00edcio n\u00ba 142/2019","data":"2019-05-06","autor":"Am\u00e9rico Bell\u00e9","ementa":"Of\u00edcio n\u00ba 142/2019 que encaminha PLO. n\u00ba 27 oriundo do Executivo para o Legislativo no dia 06/05/2019.","indexacao":"","arquivo":"http://sapl.capanema.pr.leg.br/media/sapl/public/documentoacessorio/2019/381/plo_no_27_de_2019.pdf","data_ultima_atualizacao":"2019-05-06T08:14:18.136028-03:00","materia":355,"tipo":7}