{"id":3784,"__str__":"Acess\u00f3rio - Comunica\u00e7\u00e3o Interna de 19/12/2023 por paulo de lima gon\u00e7alves","link_detail_backend":"/materia/documentoacessorio/3784","metadata":{},"nome":"Comunica\u00e7\u00e3o Interna","data":"2023-12-19","autor":"paulo de lima gon\u00e7alves","ementa":"CI","indexacao":"","arquivo":"http://sapl.capanema.pr.leg.br/media/sapl/public/documentoacessorio/2023/3784/ci_ind_95.pdf","data_ultima_atualizacao":"2023-12-19T09:33:37.422929-03:00","materia":1192,"tipo":15}