{"id":3641,"__str__":"Acess\u00f3rio - Comunica\u00e7\u00e3o Interna de 05/10/2023 por paulo de lima gon\u00e7alves","link_detail_backend":"/materia/documentoacessorio/3641","metadata":{},"nome":"Comunica\u00e7\u00e3o Interna","data":"2023-10-05","autor":"paulo de lima gon\u00e7alves","ementa":"CI","indexacao":"","arquivo":"http://sapl.capanema.pr.leg.br/media/sapl/public/documentoacessorio/2023/3641/ci_28.pdf","data_ultima_atualizacao":"2023-10-05T15:04:01.032955-03:00","materia":1155,"tipo":15}