{"id":338,"__str__":"Parecer Comiss\u00e3o - CJR de 29/03/2019 por Comiss\u00e3o de Justi\u00e7a e Reda\u00e7\u00e3o","link_detail_backend":"/materia/documentoacessorio/338","metadata":{},"nome":"CJR","data":"2019-03-29","autor":"Comiss\u00e3o de Justi\u00e7a e Reda\u00e7\u00e3o","ementa":"CJR","indexacao":"","arquivo":"http://sapl.capanema.pr.leg.br/media/sapl/public/documentoacessorio/2019/338/cjr_9_JYIImCl.pdf","data_ultima_atualizacao":"2019-03-29T11:13:38.228996-03:00","materia":333,"tipo":16}