{"id":3063,"__str__":"Acess\u00f3rio - Comunica\u00e7\u00e3o Interna de 10/03/2023 por Paulo de Lima Gon\u00e7alves","link_detail_backend":"/materia/documentoacessorio/3063","metadata":{},"nome":"Comunica\u00e7\u00e3o Interna","data":"2023-03-10","autor":"Paulo de Lima Gon\u00e7alves","ementa":"CI referente a INd. n\u00ba 17/2023.","indexacao":"","arquivo":"http://sapl.capanema.pr.leg.br/media/sapl/public/documentoacessorio/2023/3063/ind_17.pdf","data_ultima_atualizacao":"2023-03-10T08:51:11.374241-03:00","materia":1034,"tipo":15}