{"id":3002,"__str__":"Exposi\u00e7\u00e3o de Motivos - Justificativa de 10/02/2023 por Am\u00e9rico Bell\u00e9","link_detail_backend":"/materia/documentoacessorio/3002","metadata":{},"nome":"Justificativa","data":"2023-02-10","autor":"Am\u00e9rico Bell\u00e9","ementa":"Justificativa ao PLC n\u00ba 01/2023","indexacao":"","arquivo":"http://sapl.capanema.pr.leg.br/media/sapl/public/documentoacessorio/2023/3002/justificativa.pdf","data_ultima_atualizacao":"2023-02-10T16:23:15.987020-03:00","materia":1009,"tipo":6}