{"id":2967,"__str__":"Of\u00edcio - Of\u00edcio Legislativo de 06/02/2023 por Am\u00e9rico Bell\u00e9","link_detail_backend":"/materia/documentoacessorio/2967","metadata":{},"nome":"Of\u00edcio Legislativo","data":"2023-02-06","autor":"Am\u00e9rico Bell\u00e9","ementa":"Of. n\u00ba 01/2022 do Executivo.","indexacao":"","arquivo":"http://sapl.capanema.pr.leg.br/media/sapl/public/documentoacessorio/2022/2967/of_1.pdf","data_ultima_atualizacao":"2023-02-06T11:12:29.535873-03:00","materia":991,"tipo":7}