{"id":295,"__str__":"Avulso - Edital de  Convoca\u00e7\u00e3o de 01/03/2019 por Valdomiro Brizola","link_detail_backend":"/materia/documentoacessorio/295","metadata":{},"nome":"Edital de  Convoca\u00e7\u00e3o","data":"2019-03-01","autor":"Valdomiro Brizola","ementa":"Convoca\u00e7\u00e3o para Sess\u00f5es Extraordin\u00e1rias.","indexacao":"","arquivo":"http://sapl.capanema.pr.leg.br/media/sapl/public/documentoacessorio/2019/295/edital_de_c..pdf","data_ultima_atualizacao":"2019-03-06T14:30:57.241061-03:00","materia":321,"tipo":3}