{"id":2926,"__str__":"Acess\u00f3rio - comunica\u00e7\u00e3o interna de 15/12/2022 por Paulo de lima Gon\u00e7alves","link_detail_backend":"/materia/documentoacessorio/2926","metadata":{},"nome":"comunica\u00e7\u00e3o interna","data":"2022-12-15","autor":"Paulo de lima Gon\u00e7alves","ementa":"CI","indexacao":"","arquivo":"http://sapl.capanema.pr.leg.br/media/sapl/public/documentoacessorio/2022/2926/ci.pdf","data_ultima_atualizacao":"2022-12-15T15:31:39.971455-03:00","materia":990,"tipo":15}