{"id":2921,"__str__":"Of\u00edcio - Of\u00edcio Legislativo. de 13/12/2022 por Am\u00e9rico Bell\u00e9","link_detail_backend":"/materia/documentoacessorio/2921","metadata":{},"nome":"Of\u00edcio Legislativo.","data":"2022-12-13","autor":"Am\u00e9rico Bell\u00e9","ementa":"of. 502/2022 do Executivo.","indexacao":"","arquivo":"http://sapl.capanema.pr.leg.br/media/sapl/public/documentoacessorio/2022/2921/502.pdf","data_ultima_atualizacao":"2022-12-13T15:47:02.341612-03:00","materia":993,"tipo":19}