{"id":2893,"__str__":"Of\u00edcio - Of\u00edcio Legislativo. de 06/12/2022 por Am\u00e9rico Bell\u00e9","link_detail_backend":"/materia/documentoacessorio/2893","metadata":{},"nome":"Of\u00edcio Legislativo.","data":"2022-12-06","autor":"Am\u00e9rico Bell\u00e9","ementa":"Of. n\u00ba493 do Executivo.","indexacao":"","arquivo":"http://sapl.capanema.pr.leg.br/media/sapl/public/documentoacessorio/2022/2893/of_493.pdf","data_ultima_atualizacao":"2022-12-06T15:48:59.134471-03:00","materia":991,"tipo":7}