{"id":2855,"__str__":"Acess\u00f3rio - comunica\u00e7\u00e3o interna de 25/11/2022 por Paulo de lima Gon\u00e7alves","link_detail_backend":"/materia/documentoacessorio/2855","metadata":{},"nome":"comunica\u00e7\u00e3o interna","data":"2022-11-25","autor":"Paulo de lima Gon\u00e7alves","ementa":"Arq. da Ind. 73/2022.","indexacao":"","arquivo":"http://sapl.capanema.pr.leg.br/media/sapl/public/documentoacessorio/2022/2855/arq.pdf","data_ultima_atualizacao":"2022-11-25T16:26:11.809245-03:00","materia":972,"tipo":15}