{"id":2782,"__str__":"Acess\u00f3rio - comunica\u00e7\u00e3o interna de 03/11/2022 por Paulo de lima Gon\u00e7alves","link_detail_backend":"/materia/documentoacessorio/2782","metadata":{},"nome":"comunica\u00e7\u00e3o interna","data":"2022-11-03","autor":"Paulo de lima Gon\u00e7alves","ementa":"CI referente ao REq. n\u00ba 24/2022.","indexacao":"","arquivo":"http://sapl.capanema.pr.leg.br/media/sapl/public/documentoacessorio/2022/2782/ci_req_24.pdf","data_ultima_atualizacao":"2022-11-03T09:30:17.279205-03:00","materia":962,"tipo":15}