{"id":2781,"__str__":"Acess\u00f3rio - comunica\u00e7\u00e3o interna de 03/11/2022 por Paulo de lima Gon\u00e7alves","link_detail_backend":"/materia/documentoacessorio/2781","metadata":{},"nome":"comunica\u00e7\u00e3o interna","data":"2022-11-03","autor":"Paulo de lima Gon\u00e7alves","ementa":"CI referente a Ind. n\u00ba 73/2022.","indexacao":"","arquivo":"http://sapl.capanema.pr.leg.br/media/sapl/public/documentoacessorio/2022/2781/ci_73.pdf","data_ultima_atualizacao":"2022-11-03T09:12:30.574127-03:00","materia":972,"tipo":15}