{"id":2727,"__str__":"Of\u00edcio - comunica\u00e7\u00e3o interna de 19/10/2022 por Am\u00e9rico Bell\u00e9","link_detail_backend":"/materia/documentoacessorio/2727","metadata":{},"nome":"comunica\u00e7\u00e3o interna","data":"2022-10-19","autor":"Am\u00e9rico Bell\u00e9","ementa":"Of. n\u00ba411/2022 do Executivo","indexacao":"","arquivo":"http://sapl.capanema.pr.leg.br/media/sapl/public/documentoacessorio/2022/2727/of_411.pdf","data_ultima_atualizacao":"2022-10-19T15:50:27.440071-03:00","materia":930,"tipo":19}