{"id":2706,"__str__":"Acess\u00f3rio - comunica\u00e7\u00e3o interna de 11/10/2022 por Paulo de lima Gon\u00e7alves","link_detail_backend":"/materia/documentoacessorio/2706","metadata":{},"nome":"comunica\u00e7\u00e3o interna","data":"2022-10-11","autor":"Paulo de lima Gon\u00e7alves","ementa":"Arq. do Req. n\u00ba 22/2022.","indexacao":"","arquivo":"http://sapl.capanema.pr.leg.br/media/sapl/public/documentoacessorio/2022/2706/arq.pdf","data_ultima_atualizacao":"2022-10-11T15:19:36.686881-03:00","materia":953,"tipo":15}