{"id":268,"__str__":"Avulso - Edital de Convoca\u00e7\u00e3o de 08/02/2019 por Valdomiro Brizola","link_detail_backend":"/materia/documentoacessorio/268","metadata":{},"nome":"Edital de Convoca\u00e7\u00e3o","data":"2019-02-08","autor":"Valdomiro Brizola","ementa":"Edital de Convoca\u00e7\u00e3o 03/2019.","indexacao":"","arquivo":"http://sapl.capanema.pr.leg.br/media/sapl/public/documentoacessorio/2019/268/edital_de_convocacao.pdf","data_ultima_atualizacao":"2019-02-08T16:23:13.506509-02:00","materia":313,"tipo":3}