{"id":2659,"__str__":"Of\u00edcio - Of\u00edcio Legislativo. de 22/09/2022 por Am\u00e9rico Bell\u00e9","link_detail_backend":"/materia/documentoacessorio/2659","metadata":{},"nome":"Of\u00edcio Legislativo.","data":"2022-09-22","autor":"Am\u00e9rico Bell\u00e9","ementa":"Of. n\u00ba 386/2022 do Executivo","indexacao":"","arquivo":"http://sapl.capanema.pr.leg.br/media/sapl/public/documentoacessorio/2022/2659/of_386.pdf","data_ultima_atualizacao":"2022-09-22T14:15:27.143814-03:00","materia":919,"tipo":19}