{"id":2647,"__str__":"Acess\u00f3rio - comunica\u00e7\u00e3o interna de 20/09/2022 por Paulo de lima Gon\u00e7alves","link_detail_backend":"/materia/documentoacessorio/2647","metadata":{},"nome":"comunica\u00e7\u00e3o interna","data":"2022-09-20","autor":"Paulo de lima Gon\u00e7alves","ementa":"CI refrente ao req. n\u00ba 21/2022.","indexacao":"","arquivo":"http://sapl.capanema.pr.leg.br/media/sapl/public/documentoacessorio/2022/2647/ci_req_21.pdf","data_ultima_atualizacao":"2022-09-20T09:06:43.038271-03:00","materia":941,"tipo":15}