{"id":2642,"__str__":"Of\u00edcio - Of\u00edcio Legislativo. de 15/09/2022 por Paulo de lima Gon\u00e7alves","link_detail_backend":"/materia/documentoacessorio/2642","metadata":{},"nome":"Of\u00edcio Legislativo.","data":"2022-09-15","autor":"Paulo de lima Gon\u00e7alves","ementa":"Of\u00edcio n\u00ba 369/2022 do Executivo","indexacao":"","arquivo":"http://sapl.capanema.pr.leg.br/media/sapl/public/documentoacessorio/2022/2642/of._369_do_executivo.pdf","data_ultima_atualizacao":"2022-09-15T08:47:54.213261-03:00","materia":938,"tipo":7}